{"id":6426,"date":"2025-01-13T13:00:10","date_gmt":"2025-01-13T16:00:10","guid":{"rendered":"https:\/\/elconquistadorredloslagos.cl\/test\/?p=6426"},"modified":"2025-01-13T13:00:10","modified_gmt":"2025-01-13T16:00:10","slug":"informaticos-del-servicio-de-salud-chiloe-potencian-sus-conocimientos-en-la-rm","status":"publish","type":"post","link":"https:\/\/elconquistadorredloslagos.cl\/test\/blog\/2025\/01\/13\/informaticos-del-servicio-de-salud-chiloe-potencian-sus-conocimientos-en-la-rm\/","title":{"rendered":"Inform\u00e1ticos del Servicio de Salud Chilo\u00e9 potencian sus conocimientos en la RM"},"content":{"rendered":"\n<p>Hasta la regi\u00f3n Metropolitana lleg\u00f3 el equipo de inform\u00e1ticos del Servicio de Salud Chilo\u00e9 liderados por el jefe TIC del Subdepartamento Tecnolog\u00eda de la Informaci\u00f3n y Comunicaciones, Javier Medina Guti\u00e9rrez para participar de la segunda versi\u00f3n del FHIR Connectathon CL 2025, co-organizada por el Ministerio de Salud junto a HL7.<\/p>\n\n\n\n<p>El evento que congrega a m\u00e1s de 100 profesionales del Ministerio de Salud y de los Servicios de Salud del pa\u00eds se desarrolla en el Sal\u00f3n Rojo del edificio Gonzalo Hern\u00e1ndez Uribe de la Facultad de Ciencias de la Salud, de la Universidad Central.<\/p>\n\n\n\n<p>Esta marat\u00f3n de conectividad, seg\u00fan lo explic\u00f3 el ingeniero inform\u00e1tico, Javier Medina, permite probar la interoperabilidad de los sistemas de informaci\u00f3n sanitaria: \u201cEsta es una gran oportunidad ya que permite a los asistentes realizar pruebas de conectividad e interoperabilidad en un ambiente controlado y neutral en torno a los Casos de Uso que se est\u00e1n desarrollando dentro del Ministerio, de la mano de expertos nacionales e internaciones en Interoperabilidad en Salud\u201d.<\/p>\n\n\n\n<p>Entre las diversas acciones, se espera que los asistentes generen espacios de trabajo por equipo, donde se probar\u00e1 la conectividad entre sistemas en diversos tracks como: Atenci\u00f3n de Urgencia, Agenda APS, Resumen del paciente, entre otros.<\/p>\n","protected":false},"excerpt":{"rendered":"<p>Hasta la regi\u00f3n Metropolitana lleg\u00f3 el equipo de inform\u00e1ticos del Servicio de Salud Chilo\u00e9 liderados por el jefe TIC del Subdepartamento Tecnolog\u00eda de la Informaci\u00f3n y Comunicaciones, Javier Medina Guti\u00e9rrez..<\/p>\n","protected":false},"author":2,"featured_media":6427,"comment_status":"closed","ping_status":"open","sticky":false,"template":"","format":"standard","meta":{"footnotes":""},"categories":[1,28,39,27],"tags":[],"class_list":["post-6426","post","type-post","status-publish","format-standard","has-post-thumbnail","hentry","category-acontecer","category-actual","category-educacion","category-tecnologia"],"rttpg_featured_image_url":{"full":["https:\/\/elconquistadorredloslagos.cl\/test\/wp-content\/uploads\/2025\/01\/Sin-titulo-11-Recuperado-5.png",1920,1080,false],"landscape":["https:\/\/elconquistadorredloslagos.cl\/test\/wp-content\/uploads\/2025\/01\/Sin-titulo-11-Recuperado-5.png",1920,1080,false],"portraits":["https:\/\/elconquistadorredloslagos.cl\/test\/wp-content\/uploads\/2025\/01\/Sin-titulo-11-Recuperado-5.png",1920,1080,false],"thumbnail":["https:\/\/elconquistadorredloslagos.cl\/test\/wp-content\/uploads\/2025\/01\/Sin-titulo-11-Recuperado-5-150x150.png",150,150,true],"medium":["https:\/\/elconquistadorredloslagos.cl\/test\/wp-content\/uploads\/2025\/01\/Sin-titulo-11-Recuperado-5-300x169.png",300,169,true],"large":["https:\/\/elconquistadorredloslagos.cl\/test\/wp-content\/uploads\/2025\/01\/Sin-titulo-11-Recuperado-5-1024x576.png",1024,576,true],"1536x1536":["https:\/\/elconquistadorredloslagos.cl\/test\/wp-content\/uploads\/2025\/01\/Sin-titulo-11-Recuperado-5-1536x864.png",1536,864,true],"2048x2048":["https:\/\/elconquistadorredloslagos.cl\/test\/wp-content\/uploads\/2025\/01\/Sin-titulo-11-Recuperado-5.png",1920,1080,false]},"rttpg_author":{"display_name":"ccardenas","author_link":"https:\/\/elconquistadorredloslagos.cl\/test\/blog\/author\/ccardenas\/"},"rttpg_comment":0,"rttpg_category":"<a href=\"https:\/\/elconquistadorredloslagos.cl\/test\/blog\/category\/actual\/acontecer\/\" rel=\"category tag\">Acontecer<\/a> <a href=\"https:\/\/elconquistadorredloslagos.cl\/test\/blog\/category\/actual\/\" rel=\"category tag\">Actualidad<\/a> <a href=\"https:\/\/elconquistadorredloslagos.cl\/test\/blog\/category\/actual\/educacion\/\" rel=\"category tag\">Educaci\u00f3n<\/a> <a href=\"https:\/\/elconquistadorredloslagos.cl\/test\/blog\/category\/actual\/tecnologia\/\" rel=\"category tag\">Tecnologias<\/a>","rttpg_excerpt":"Hasta la regi\u00f3n Metropolitana lleg\u00f3 el equipo de inform\u00e1ticos del Servicio de Salud Chilo\u00e9 liderados por el jefe TIC del Subdepartamento Tecnolog\u00eda de la Informaci\u00f3n y Comunicaciones, Javier Medina Guti\u00e9rrez..","_links":{"self":[{"href":"https:\/\/elconquistadorredloslagos.cl\/test\/wp-json\/wp\/v2\/posts\/6426","targetHints":{"allow":["GET"]}}],"collection":[{"href":"https:\/\/elconquistadorredloslagos.cl\/test\/wp-json\/wp\/v2\/posts"}],"about":[{"href":"https:\/\/elconquistadorredloslagos.cl\/test\/wp-json\/wp\/v2\/types\/post"}],"author":[{"embeddable":true,"href":"https:\/\/elconquistadorredloslagos.cl\/test\/wp-json\/wp\/v2\/users\/2"}],"replies":[{"embeddable":true,"href":"https:\/\/elconquistadorredloslagos.cl\/test\/wp-json\/wp\/v2\/comments?post=6426"}],"version-history":[{"count":1,"href":"https:\/\/elconquistadorredloslagos.cl\/test\/wp-json\/wp\/v2\/posts\/6426\/revisions"}],"predecessor-version":[{"id":6428,"href":"https:\/\/elconquistadorredloslagos.cl\/test\/wp-json\/wp\/v2\/posts\/6426\/revisions\/6428"}],"wp:featuredmedia":[{"embeddable":true,"href":"https:\/\/elconquistadorredloslagos.cl\/test\/wp-json\/wp\/v2\/media\/6427"}],"wp:attachment":[{"href":"https:\/\/elconquistadorredloslagos.cl\/test\/wp-json\/wp\/v2\/media?parent=6426"}],"wp:term":[{"taxonomy":"category","embeddable":true,"href":"https:\/\/elconquistadorredloslagos.cl\/test\/wp-json\/wp\/v2\/categories?post=6426"},{"taxonomy":"post_tag","embeddable":true,"href":"https:\/\/elconquistadorredloslagos.cl\/test\/wp-json\/wp\/v2\/tags?post=6426"}],"curies":[{"name":"wp","href":"https:\/\/api.w.org\/{rel}","templated":true}]}}