{"id":6423,"date":"2025-01-13T12:56:36","date_gmt":"2025-01-13T15:56:36","guid":{"rendered":"https:\/\/elconquistadorredloslagos.cl\/test\/?p=6423"},"modified":"2025-01-13T12:56:37","modified_gmt":"2025-01-13T15:56:37","slug":"conaf-y-senda-firman-convenio-para-ingreso-gratuito-a-los-parques-nacionales-de-la-region-de-los-lagos","status":"publish","type":"post","link":"https:\/\/elconquistadorredloslagos.cl\/test\/blog\/2025\/01\/13\/conaf-y-senda-firman-convenio-para-ingreso-gratuito-a-los-parques-nacionales-de-la-region-de-los-lagos\/","title":{"rendered":"CONAF y SENDA firman convenio para ingreso gratuito a los parques nacionales de la Regi\u00f3n de Los Lagos"},"content":{"rendered":"\n<p>El ingreso gratuito a las \u00e1reas silvestres protegidas del Estado en la Regi\u00f3n de Los Lagos, administradas por la Corporaci\u00f3n Nacional Forestal (CONAF), tendr\u00e1n ahora las y los usuarios de los programas del Servicio Nacional para la Prevenci\u00f3n y Rehabilitaci\u00f3n del Consumo de Drogas y Alcohol (SENDA), luego de la firma entre ambas instituciones.<\/p>\n\n\n\n<p>De esta forma, las y los usuarios de SENDA podr\u00e1n ingresar gratuitamente al Parque Nacional Vicente P\u00e9rez Rosales, con los famosos Saltos de Petrohu\u00e9; el Parque Nacional Puyehue y sus aguas termales; el Parque Nacional Alerce Andino y sus alerces milenarios; y los parques nacionales Chilo\u00e9 y Pumal\u00edn Douglas Tompkins, entre otros.<\/p>\n\n\n\n<p>Uno de los aspectos que m\u00e1s resalt\u00f3 la directora nacional de SENDA, Natalia Riffo, es que \u201caqu\u00ed hay un claro ejemplo de un trabajo coordinado de un Gobierno, para que las personas del programa de SENDA en la Regi\u00f3n de Los Lagos, puedan visitar en forma gratuita los parques nacionales.&nbsp;Las personas que est\u00e1n en tratamientos, los ni\u00f1os y ni\u00f1as, los adultos mayores, tendr\u00e1n la oportunidad de tener este espacio de contacto con la naturaleza.&nbsp;Esto tiene un gran componente social, ya que estamos firmando este convenio en una Junta de Vecinos, con ellos, con nuestros usuarios y usuarias\u201d.<\/p>\n\n\n\n<p>As\u00ed tambi\u00e9n lo destac\u00f3 Miguel Leiva, director regional de CONAF Los Lagos, quien se\u00f1al\u00f3 que \u201cfirmamos este convenio con la directora nacional de SENDA, Natalia Riffo, en beneficio de las personas que est\u00e1n participando de este programa.&nbsp; Este convenio nos va a permitir que las personas participantes de SENDA puedan visitar en forma gratuita los parques nacionales, reservas nacionales y monumentos naturales de la Regi\u00f3n de Los Lagos. Adem\u00e1s, puedan tener una visita guiada con charlas de nuestros guardaparques\u201d.<\/p>\n","protected":false},"excerpt":{"rendered":"<p>El ingreso gratuito a las \u00e1reas silvestres protegidas del Estado en la Regi\u00f3n de Los Lagos, administradas por la Corporaci\u00f3n Nacional Forestal (CONAF), tendr\u00e1n ahora las y los usuarios de..<\/p>\n","protected":false},"author":2,"featured_media":6424,"comment_status":"closed","ping_status":"open","sticky":false,"template":"","format":"standard","meta":{"footnotes":""},"categories":[1,28],"tags":[],"class_list":["post-6423","post","type-post","status-publish","format-standard","has-post-thumbnail","hentry","category-acontecer","category-actual"],"rttpg_featured_image_url":{"full":["https:\/\/elconquistadorredloslagos.cl\/test\/wp-content\/uploads\/2025\/01\/Sin-titulo-11-Recuperado-4.png",1920,1080,false],"landscape":["https:\/\/elconquistadorredloslagos.cl\/test\/wp-content\/uploads\/2025\/01\/Sin-titulo-11-Recuperado-4.png",1920,1080,false],"portraits":["https:\/\/elconquistadorredloslagos.cl\/test\/wp-content\/uploads\/2025\/01\/Sin-titulo-11-Recuperado-4.png",1920,1080,false],"thumbnail":["https:\/\/elconquistadorredloslagos.cl\/test\/wp-content\/uploads\/2025\/01\/Sin-titulo-11-Recuperado-4-150x150.png",150,150,true],"medium":["https:\/\/elconquistadorredloslagos.cl\/test\/wp-content\/uploads\/2025\/01\/Sin-titulo-11-Recuperado-4-300x169.png",300,169,true],"large":["https:\/\/elconquistadorredloslagos.cl\/test\/wp-content\/uploads\/2025\/01\/Sin-titulo-11-Recuperado-4-1024x576.png",1024,576,true],"1536x1536":["https:\/\/elconquistadorredloslagos.cl\/test\/wp-content\/uploads\/2025\/01\/Sin-titulo-11-Recuperado-4-1536x864.png",1536,864,true],"2048x2048":["https:\/\/elconquistadorredloslagos.cl\/test\/wp-content\/uploads\/2025\/01\/Sin-titulo-11-Recuperado-4.png",1920,1080,false]},"rttpg_author":{"display_name":"ccardenas","author_link":"https:\/\/elconquistadorredloslagos.cl\/test\/blog\/author\/ccardenas\/"},"rttpg_comment":0,"rttpg_category":"<a href=\"https:\/\/elconquistadorredloslagos.cl\/test\/blog\/category\/actual\/acontecer\/\" rel=\"category tag\">Acontecer<\/a> <a href=\"https:\/\/elconquistadorredloslagos.cl\/test\/blog\/category\/actual\/\" rel=\"category tag\">Actualidad<\/a>","rttpg_excerpt":"El ingreso gratuito a las \u00e1reas silvestres protegidas del Estado en la Regi\u00f3n de Los Lagos, administradas por la Corporaci\u00f3n Nacional Forestal (CONAF), tendr\u00e1n ahora las y los usuarios de..","_links":{"self":[{"href":"https:\/\/elconquistadorredloslagos.cl\/test\/wp-json\/wp\/v2\/posts\/6423","targetHints":{"allow":["GET"]}}],"collection":[{"href":"https:\/\/elconquistadorredloslagos.cl\/test\/wp-json\/wp\/v2\/posts"}],"about":[{"href":"https:\/\/elconquistadorredloslagos.cl\/test\/wp-json\/wp\/v2\/types\/post"}],"author":[{"embeddable":true,"href":"https:\/\/elconquistadorredloslagos.cl\/test\/wp-json\/wp\/v2\/users\/2"}],"replies":[{"embeddable":true,"href":"https:\/\/elconquistadorredloslagos.cl\/test\/wp-json\/wp\/v2\/comments?post=6423"}],"version-history":[{"count":1,"href":"https:\/\/elconquistadorredloslagos.cl\/test\/wp-json\/wp\/v2\/posts\/6423\/revisions"}],"predecessor-version":[{"id":6425,"href":"https:\/\/elconquistadorredloslagos.cl\/test\/wp-json\/wp\/v2\/posts\/6423\/revisions\/6425"}],"wp:featuredmedia":[{"embeddable":true,"href":"https:\/\/elconquistadorredloslagos.cl\/test\/wp-json\/wp\/v2\/media\/6424"}],"wp:attachment":[{"href":"https:\/\/elconquistadorredloslagos.cl\/test\/wp-json\/wp\/v2\/media?parent=6423"}],"wp:term":[{"taxonomy":"category","embeddable":true,"href":"https:\/\/elconquistadorredloslagos.cl\/test\/wp-json\/wp\/v2\/categories?post=6423"},{"taxonomy":"post_tag","embeddable":true,"href":"https:\/\/elconquistadorredloslagos.cl\/test\/wp-json\/wp\/v2\/tags?post=6423"}],"curies":[{"name":"wp","href":"https:\/\/api.w.org\/{rel}","templated":true}]}}