{"id":6419,"date":"2025-01-13T12:53:50","date_gmt":"2025-01-13T15:53:50","guid":{"rendered":"https:\/\/elconquistadorredloslagos.cl\/test\/?p=6419"},"modified":"2025-01-13T12:54:09","modified_gmt":"2025-01-13T15:54:09","slug":"cuidarse-siempre-esta-de-moda-senda-lanzasu-campana-de-verano-con-mas-de-500-actividades-en-todo-el-pais","status":"publish","type":"post","link":"https:\/\/elconquistadorredloslagos.cl\/test\/blog\/2025\/01\/13\/cuidarse-siempre-esta-de-moda-senda-lanzasu-campana-de-verano-con-mas-de-500-actividades-en-todo-el-pais\/","title":{"rendered":"\u201cCuidarse siempre est\u00e1 de moda\u201d: Senda lanza su campa\u00f1a de verano con m\u00e1s de 500 actividades en todo el pa\u00eds"},"content":{"rendered":"\n<p>Con una jornada llena de actividades recreativas y culturales en la Costanera de Frutillar, en la Regi\u00f3n de Los Lagos, el Servicio Nacional para la Prevenci\u00f3n y Rehabilitaci\u00f3n del Consumo de Drogas y Alcohol (SENDA) dio inicio a su campa\u00f1a de verano \u201cCuidarse siempre est\u00e1 de moda\u201d.<\/p>\n\n\n\n<p>La iniciativa busca promover la prevenci\u00f3n, el autocuidado y la creaci\u00f3n de entornos protectores durante el per\u00edodo estival, con m\u00e1s de 500 actividades programadas en todo el pa\u00eds entre el 15 de enero y el 25 de febrero de 2025.<\/p>\n\n\n\n<p>La directora de SENDA subray\u00f3 la importancia de fortalecer los lazos familiares como herramienta clave para prevenir el consumo de alcohol y otras drogas en ni\u00f1os, ni\u00f1as y adolescentes. \u201cEste verano queremos invitar a las familias a compartir m\u00e1s tiempo juntos, dialogar y participar en actividades que promuevan estilos de vida saludables. Este es un esfuerzo de Gobierno por contar con espacios protectores y seguros\u201d, se\u00f1al\u00f3.<\/p>\n\n\n\n<p>Otro foco es incentivar decisiones responsables en j\u00f3venes mayores de 18 a\u00f1os respecto al consumo de alcohol y otras drogas. En este sentido, se present\u00f3 el Libro de Gesti\u00f3n de Riesgos, orientado a j\u00f3venes mayores de 18 a\u00f1os, con herramientas para planificar salidas responsables y consejos \u00fatiles en caso de emergencia.<\/p>\n\n\n\n<p>Adicionalmente, SENDA habilit\u00f3 un mini sitio web con informaci\u00f3n detallada sobre las actividades y recursos de la campa\u00f1a, disponible en <a href=\"http:\/\/www.senda.gob.cl\/\">www.senda.gob.cl<\/a>.<\/p>\n","protected":false},"excerpt":{"rendered":"<p>Con una jornada llena de actividades recreativas y culturales en la Costanera de Frutillar, en la Regi\u00f3n de Los Lagos, el Servicio Nacional para la Prevenci\u00f3n y Rehabilitaci\u00f3n del Consumo..<\/p>\n","protected":false},"author":2,"featured_media":6420,"comment_status":"closed","ping_status":"open","sticky":false,"template":"","format":"standard","meta":{"footnotes":""},"categories":[1,28,39],"tags":[],"class_list":["post-6419","post","type-post","status-publish","format-standard","has-post-thumbnail","hentry","category-acontecer","category-actual","category-educacion"],"rttpg_featured_image_url":{"full":["https:\/\/elconquistadorredloslagos.cl\/test\/wp-content\/uploads\/2025\/01\/Sin-titulo-11-Recuperado-3.png",1920,1080,false],"landscape":["https:\/\/elconquistadorredloslagos.cl\/test\/wp-content\/uploads\/2025\/01\/Sin-titulo-11-Recuperado-3.png",1920,1080,false],"portraits":["https:\/\/elconquistadorredloslagos.cl\/test\/wp-content\/uploads\/2025\/01\/Sin-titulo-11-Recuperado-3.png",1920,1080,false],"thumbnail":["https:\/\/elconquistadorredloslagos.cl\/test\/wp-content\/uploads\/2025\/01\/Sin-titulo-11-Recuperado-3-150x150.png",150,150,true],"medium":["https:\/\/elconquistadorredloslagos.cl\/test\/wp-content\/uploads\/2025\/01\/Sin-titulo-11-Recuperado-3-300x169.png",300,169,true],"large":["https:\/\/elconquistadorredloslagos.cl\/test\/wp-content\/uploads\/2025\/01\/Sin-titulo-11-Recuperado-3-1024x576.png",1024,576,true],"1536x1536":["https:\/\/elconquistadorredloslagos.cl\/test\/wp-content\/uploads\/2025\/01\/Sin-titulo-11-Recuperado-3-1536x864.png",1536,864,true],"2048x2048":["https:\/\/elconquistadorredloslagos.cl\/test\/wp-content\/uploads\/2025\/01\/Sin-titulo-11-Recuperado-3.png",1920,1080,false]},"rttpg_author":{"display_name":"ccardenas","author_link":"https:\/\/elconquistadorredloslagos.cl\/test\/blog\/author\/ccardenas\/"},"rttpg_comment":0,"rttpg_category":"<a href=\"https:\/\/elconquistadorredloslagos.cl\/test\/blog\/category\/actual\/acontecer\/\" rel=\"category tag\">Acontecer<\/a> <a href=\"https:\/\/elconquistadorredloslagos.cl\/test\/blog\/category\/actual\/\" rel=\"category tag\">Actualidad<\/a> <a href=\"https:\/\/elconquistadorredloslagos.cl\/test\/blog\/category\/actual\/educacion\/\" rel=\"category tag\">Educaci\u00f3n<\/a>","rttpg_excerpt":"Con una jornada llena de actividades recreativas y culturales en la Costanera de Frutillar, en la Regi\u00f3n de Los Lagos, el Servicio Nacional para la Prevenci\u00f3n y Rehabilitaci\u00f3n del Consumo..","_links":{"self":[{"href":"https:\/\/elconquistadorredloslagos.cl\/test\/wp-json\/wp\/v2\/posts\/6419","targetHints":{"allow":["GET"]}}],"collection":[{"href":"https:\/\/elconquistadorredloslagos.cl\/test\/wp-json\/wp\/v2\/posts"}],"about":[{"href":"https:\/\/elconquistadorredloslagos.cl\/test\/wp-json\/wp\/v2\/types\/post"}],"author":[{"embeddable":true,"href":"https:\/\/elconquistadorredloslagos.cl\/test\/wp-json\/wp\/v2\/users\/2"}],"replies":[{"embeddable":true,"href":"https:\/\/elconquistadorredloslagos.cl\/test\/wp-json\/wp\/v2\/comments?post=6419"}],"version-history":[{"count":2,"href":"https:\/\/elconquistadorredloslagos.cl\/test\/wp-json\/wp\/v2\/posts\/6419\/revisions"}],"predecessor-version":[{"id":6422,"href":"https:\/\/elconquistadorredloslagos.cl\/test\/wp-json\/wp\/v2\/posts\/6419\/revisions\/6422"}],"wp:featuredmedia":[{"embeddable":true,"href":"https:\/\/elconquistadorredloslagos.cl\/test\/wp-json\/wp\/v2\/media\/6420"}],"wp:attachment":[{"href":"https:\/\/elconquistadorredloslagos.cl\/test\/wp-json\/wp\/v2\/media?parent=6419"}],"wp:term":[{"taxonomy":"category","embeddable":true,"href":"https:\/\/elconquistadorredloslagos.cl\/test\/wp-json\/wp\/v2\/categories?post=6419"},{"taxonomy":"post_tag","embeddable":true,"href":"https:\/\/elconquistadorredloslagos.cl\/test\/wp-json\/wp\/v2\/tags?post=6419"}],"curies":[{"name":"wp","href":"https:\/\/api.w.org\/{rel}","templated":true}]}}