{"id":6407,"date":"2025-01-13T12:32:25","date_gmt":"2025-01-13T15:32:25","guid":{"rendered":"https:\/\/elconquistadorredloslagos.cl\/test\/?p=6407"},"modified":"2025-01-13T12:32:25","modified_gmt":"2025-01-13T15:32:25","slug":"puerto-montt-investigan-robo-de-rampa-de-camion-y-el-eventual-secuestro-de-chofer","status":"publish","type":"post","link":"https:\/\/elconquistadorredloslagos.cl\/test\/blog\/2025\/01\/13\/puerto-montt-investigan-robo-de-rampa-de-camion-y-el-eventual-secuestro-de-chofer\/","title":{"rendered":"Puerto Montt: investigan robo de rampa de cami\u00f3n y el eventual secuestro de chofer"},"content":{"rendered":"\n<p>Su profunda inquietud manifestaron integrantes de la Asociaci\u00f3n de Due\u00f1os de Camiones (ASODUCAM) de Puerto Montt, luego del robo que sufri\u00f3 un cami\u00f3n que transportaba alimentos para peces, donde adem\u00e1s el conductor secuestrado y posteriormente liberado en las cercan\u00edas de Valdivia.<\/p>\n\n\n\n<p>La situaci\u00f3n pone en riesgo nuevamente a socios y trabajadores, adem\u00e1s de la industria en general. As\u00ed lo expres\u00f3 Erwin Monroy, presidente de la ASODUCAM de la capital de Los Lagos.<\/p>\n\n\n\n<figure class=\"wp-block-audio\"><audio controls src=\"https:\/\/elconquistadorredloslagos.cl\/test\/wp-content\/uploads\/2025\/01\/CUNA-ASODUCAM.mp3\"><\/audio><\/figure>\n\n\n\n<p>Respecto a los hechos, la delegada regional Paulina Mu\u00f1oz, enfatiz\u00f3 en la necesidad de reforzar a las polic\u00edas frente a estos actos delincuenciales.<\/p>\n\n\n\n<figure class=\"wp-block-audio\"><audio controls src=\"https:\/\/elconquistadorredloslagos.cl\/test\/wp-content\/uploads\/2025\/01\/CUNA-PAULINA-MUNOZ.mp3\"><\/audio><\/figure>\n\n\n\n<p>El conductor afectado no tuvo mayores lesiones seg\u00fan confirmaron las autoridades. El caso est\u00e1 siendo investigado por la Secci\u00f3n 909 de Carabineros de Los Lagos, en coordinaci\u00f3n con el Ministerio P\u00fablico y la fiscal\u00eda local de Puerto Montt.<\/p>\n\n\n\n<p>FOTO: Redes sociales<\/p>\n","protected":false},"excerpt":{"rendered":"<p>Su profunda inquietud manifestaron integrantes de la Asociaci\u00f3n de Due\u00f1os de Camiones (ASODUCAM) de Puerto Montt, luego del robo que sufri\u00f3 un cami\u00f3n que transportaba alimentos para peces, donde adem\u00e1s..<\/p>\n","protected":false},"author":2,"featured_media":6410,"comment_status":"closed","ping_status":"open","sticky":false,"template":"","format":"standard","meta":{"footnotes":""},"categories":[1,28],"tags":[],"class_list":["post-6407","post","type-post","status-publish","format-standard","has-post-thumbnail","hentry","category-acontecer","category-actual"],"rttpg_featured_image_url":{"full":["https:\/\/elconquistadorredloslagos.cl\/test\/wp-content\/uploads\/2025\/01\/Sin-titulo-11-Recuperado.png",1920,1080,false],"landscape":["https:\/\/elconquistadorredloslagos.cl\/test\/wp-content\/uploads\/2025\/01\/Sin-titulo-11-Recuperado.png",1920,1080,false],"portraits":["https:\/\/elconquistadorredloslagos.cl\/test\/wp-content\/uploads\/2025\/01\/Sin-titulo-11-Recuperado.png",1920,1080,false],"thumbnail":["https:\/\/elconquistadorredloslagos.cl\/test\/wp-content\/uploads\/2025\/01\/Sin-titulo-11-Recuperado-150x150.png",150,150,true],"medium":["https:\/\/elconquistadorredloslagos.cl\/test\/wp-content\/uploads\/2025\/01\/Sin-titulo-11-Recuperado-300x169.png",300,169,true],"large":["https:\/\/elconquistadorredloslagos.cl\/test\/wp-content\/uploads\/2025\/01\/Sin-titulo-11-Recuperado-1024x576.png",1024,576,true],"1536x1536":["https:\/\/elconquistadorredloslagos.cl\/test\/wp-content\/uploads\/2025\/01\/Sin-titulo-11-Recuperado-1536x864.png",1536,864,true],"2048x2048":["https:\/\/elconquistadorredloslagos.cl\/test\/wp-content\/uploads\/2025\/01\/Sin-titulo-11-Recuperado.png",1920,1080,false]},"rttpg_author":{"display_name":"ccardenas","author_link":"https:\/\/elconquistadorredloslagos.cl\/test\/blog\/author\/ccardenas\/"},"rttpg_comment":0,"rttpg_category":"<a href=\"https:\/\/elconquistadorredloslagos.cl\/test\/blog\/category\/actual\/acontecer\/\" rel=\"category tag\">Acontecer<\/a> <a href=\"https:\/\/elconquistadorredloslagos.cl\/test\/blog\/category\/actual\/\" rel=\"category tag\">Actualidad<\/a>","rttpg_excerpt":"Su profunda inquietud manifestaron integrantes de la Asociaci\u00f3n de Due\u00f1os de Camiones (ASODUCAM) de Puerto Montt, luego del robo que sufri\u00f3 un cami\u00f3n que transportaba alimentos para peces, donde adem\u00e1s..","_links":{"self":[{"href":"https:\/\/elconquistadorredloslagos.cl\/test\/wp-json\/wp\/v2\/posts\/6407","targetHints":{"allow":["GET"]}}],"collection":[{"href":"https:\/\/elconquistadorredloslagos.cl\/test\/wp-json\/wp\/v2\/posts"}],"about":[{"href":"https:\/\/elconquistadorredloslagos.cl\/test\/wp-json\/wp\/v2\/types\/post"}],"author":[{"embeddable":true,"href":"https:\/\/elconquistadorredloslagos.cl\/test\/wp-json\/wp\/v2\/users\/2"}],"replies":[{"embeddable":true,"href":"https:\/\/elconquistadorredloslagos.cl\/test\/wp-json\/wp\/v2\/comments?post=6407"}],"version-history":[{"count":1,"href":"https:\/\/elconquistadorredloslagos.cl\/test\/wp-json\/wp\/v2\/posts\/6407\/revisions"}],"predecessor-version":[{"id":6411,"href":"https:\/\/elconquistadorredloslagos.cl\/test\/wp-json\/wp\/v2\/posts\/6407\/revisions\/6411"}],"wp:featuredmedia":[{"embeddable":true,"href":"https:\/\/elconquistadorredloslagos.cl\/test\/wp-json\/wp\/v2\/media\/6410"}],"wp:attachment":[{"href":"https:\/\/elconquistadorredloslagos.cl\/test\/wp-json\/wp\/v2\/media?parent=6407"}],"wp:term":[{"taxonomy":"category","embeddable":true,"href":"https:\/\/elconquistadorredloslagos.cl\/test\/wp-json\/wp\/v2\/categories?post=6407"},{"taxonomy":"post_tag","embeddable":true,"href":"https:\/\/elconquistadorredloslagos.cl\/test\/wp-json\/wp\/v2\/tags?post=6407"}],"curies":[{"name":"wp","href":"https:\/\/api.w.org\/{rel}","templated":true}]}}