{"id":6404,"date":"2025-01-13T11:25:39","date_gmt":"2025-01-13T14:25:39","guid":{"rendered":"https:\/\/elconquistadorredloslagos.cl\/test\/?p=6404"},"modified":"2025-01-13T11:25:40","modified_gmt":"2025-01-13T14:25:40","slug":"bachelet-preocupada-por-creciente-numero-de-jovenes-que-piensa-que-el-mejor-gobernante-de-chile-fue-pinochet","status":"publish","type":"post","link":"https:\/\/elconquistadorredloslagos.cl\/test\/blog\/2025\/01\/13\/bachelet-preocupada-por-creciente-numero-de-jovenes-que-piensa-que-el-mejor-gobernante-de-chile-fue-pinochet\/","title":{"rendered":"Bachelet preocupada por creciente \u201cn\u00famero de j\u00f3venes que piensa que el mejor gobernante de Chile fue Pinochet\u201d"},"content":{"rendered":"\n<h5 class=\"wp-block-heading\"><em>La expresidenta realiz\u00f3 un discurso en el marco de un nuevo aniversario del Museo de la Memoria y Derechos Humanos, donde apunt\u00f3 a que \u00abpreservar nuestra unidad y nuestra convivencia es tan necesario como lo fue hace 15 a\u00f1os\u00bb.<\/em><\/h5>\n\n\n\n<p>La expresidenta Michelle Bachelet expres\u00f3 su preocupaci\u00f3n en torno al creciente apoyo de j\u00f3venes al r\u00e9gimen de Augusto Pinochet.<\/p>\n\n\n\n<p><br>La otrora autoridad asisti\u00f3 a la ceremonia por los 15 a\u00f1os del Museo de la Memoria y Derechos Humanos, el cual fue inaugurado por ella misma en enero de 2010, al final de su primer mandato.<\/p>\n\n\n\n<p>En la instancia, ofreci\u00f3 un discurso en el cual recalc\u00f3 el trabajo que se ha desarrollado en el recinto, y coment\u00f3 que \u201cpreservar nuestra unidad y nuestra convivencia es tan necesario hoy como lo fue hace 15 a\u00f1os. El recuerdo de los ausentes es hoy m\u00e1s necesario que nunca\u201d, seg\u00fan inform\u00f3 The Clinic.<\/p>\n\n\n\n<p>En ese sentido, manifest\u00f3 que \u201csigue habiendo medias verdades, negaciones y relativizaciones\u201d.<\/p>\n\n\n\n<p>La exmandataria tambi\u00e9n expres\u00f3 su preocupaci\u00f3n en torno al aumento del respaldo a reg\u00edmenes autoritarios por sobre la democracia: \u201cMe preocupa cuando crece el n\u00famero de j\u00f3venes que piensa que el mejor gobernante de Chile fue Pinochet o cuando creen que es mejor un gobierno autoritario que uno democr\u00e1tico\u201d.<\/p>\n\n\n\n<p>Por E.DelaHoz. Foto C.P.<\/p>\n","protected":false},"excerpt":{"rendered":"<p>La expresidenta realiz\u00f3 un discurso en el marco de un nuevo aniversario del Museo de la Memoria y Derechos Humanos, donde apunt\u00f3 a que \u00abpreservar nuestra unidad y nuestra convivencia..<\/p>\n","protected":false},"author":7,"featured_media":6405,"comment_status":"closed","ping_status":"open","sticky":false,"template":"","format":"standard","meta":{"footnotes":""},"categories":[1],"tags":[],"class_list":["post-6404","post","type-post","status-publish","format-standard","has-post-thumbnail","hentry","category-acontecer"],"rttpg_featured_image_url":{"full":["https:\/\/elconquistadorredloslagos.cl\/test\/wp-content\/uploads\/2025\/01\/bachelet.png",1920,1080,false],"landscape":["https:\/\/elconquistadorredloslagos.cl\/test\/wp-content\/uploads\/2025\/01\/bachelet.png",1920,1080,false],"portraits":["https:\/\/elconquistadorredloslagos.cl\/test\/wp-content\/uploads\/2025\/01\/bachelet.png",1920,1080,false],"thumbnail":["https:\/\/elconquistadorredloslagos.cl\/test\/wp-content\/uploads\/2025\/01\/bachelet-150x150.png",150,150,true],"medium":["https:\/\/elconquistadorredloslagos.cl\/test\/wp-content\/uploads\/2025\/01\/bachelet-300x169.png",300,169,true],"large":["https:\/\/elconquistadorredloslagos.cl\/test\/wp-content\/uploads\/2025\/01\/bachelet-1024x576.png",1024,576,true],"1536x1536":["https:\/\/elconquistadorredloslagos.cl\/test\/wp-content\/uploads\/2025\/01\/bachelet-1536x864.png",1536,864,true],"2048x2048":["https:\/\/elconquistadorredloslagos.cl\/test\/wp-content\/uploads\/2025\/01\/bachelet.png",1920,1080,false]},"rttpg_author":{"display_name":"enzodelahoz1988","author_link":"https:\/\/elconquistadorredloslagos.cl\/test\/blog\/author\/enzodelahoz1988\/"},"rttpg_comment":0,"rttpg_category":"<a href=\"https:\/\/elconquistadorredloslagos.cl\/test\/blog\/category\/actual\/acontecer\/\" rel=\"category tag\">Acontecer<\/a>","rttpg_excerpt":"La expresidenta realiz\u00f3 un discurso en el marco de un nuevo aniversario del Museo de la Memoria y Derechos Humanos, donde apunt\u00f3 a que \u00abpreservar nuestra unidad y nuestra convivencia..","_links":{"self":[{"href":"https:\/\/elconquistadorredloslagos.cl\/test\/wp-json\/wp\/v2\/posts\/6404","targetHints":{"allow":["GET"]}}],"collection":[{"href":"https:\/\/elconquistadorredloslagos.cl\/test\/wp-json\/wp\/v2\/posts"}],"about":[{"href":"https:\/\/elconquistadorredloslagos.cl\/test\/wp-json\/wp\/v2\/types\/post"}],"author":[{"embeddable":true,"href":"https:\/\/elconquistadorredloslagos.cl\/test\/wp-json\/wp\/v2\/users\/7"}],"replies":[{"embeddable":true,"href":"https:\/\/elconquistadorredloslagos.cl\/test\/wp-json\/wp\/v2\/comments?post=6404"}],"version-history":[{"count":1,"href":"https:\/\/elconquistadorredloslagos.cl\/test\/wp-json\/wp\/v2\/posts\/6404\/revisions"}],"predecessor-version":[{"id":6406,"href":"https:\/\/elconquistadorredloslagos.cl\/test\/wp-json\/wp\/v2\/posts\/6404\/revisions\/6406"}],"wp:featuredmedia":[{"embeddable":true,"href":"https:\/\/elconquistadorredloslagos.cl\/test\/wp-json\/wp\/v2\/media\/6405"}],"wp:attachment":[{"href":"https:\/\/elconquistadorredloslagos.cl\/test\/wp-json\/wp\/v2\/media?parent=6404"}],"wp:term":[{"taxonomy":"category","embeddable":true,"href":"https:\/\/elconquistadorredloslagos.cl\/test\/wp-json\/wp\/v2\/categories?post=6404"},{"taxonomy":"post_tag","embeddable":true,"href":"https:\/\/elconquistadorredloslagos.cl\/test\/wp-json\/wp\/v2\/tags?post=6404"}],"curies":[{"name":"wp","href":"https:\/\/api.w.org\/{rel}","templated":true}]}}