{"id":6178,"date":"2025-01-03T13:58:28","date_gmt":"2025-01-03T16:58:28","guid":{"rendered":"https:\/\/elconquistadorredloslagos.cl\/test\/?p=6178"},"modified":"2025-01-03T13:58:29","modified_gmt":"2025-01-03T16:58:29","slug":"mujer-de-77-anos-muere-en-accidente-de-transito-ocurrido-en-purranque","status":"publish","type":"post","link":"https:\/\/elconquistadorredloslagos.cl\/test\/blog\/2025\/01\/03\/mujer-de-77-anos-muere-en-accidente-de-transito-ocurrido-en-purranque\/","title":{"rendered":"Mujer de 77 a\u00f1os muere en accidente de tr\u00e1nsito ocurrido en Purranque"},"content":{"rendered":"\n<p>Un nuevo accidente de tr\u00e1nsito enluta a las carreteras de la Regi\u00f3n de Los Lagos, luego de que una mujer de 77 a\u00f1os falleciera a bordo de la camioneta en la que se transportaba en la Ruta 5 Sur, a la altura del kil\u00f3metro 951, espec\u00edficamente en las cercan\u00edas de Purranque.<\/p>\n\n\n\n<p>Los hechos tuvieron lugar cuando por causas que son investigadas, el chofer del m\u00f3vil perdi\u00f3 el control, volcando su veh\u00edculo a un costado de la v\u00eda. Hasta el lugar arrib\u00f3 personal de Bomberos quienes desarrollaron las primeras maniobras para rescatar a las personas involucradas.<\/p>\n\n\n\n<p>Luego de sucedida la emergencia, la v\u00edctima fue derivada hasta el hospital de la comuna. Sin embargo y a pesar de los esfuerzos, falleci\u00f3 en el centro asistencial dado que sus lesiones no eran compatibles con la vida.<\/p>\n\n\n\n<p>Las causas basales de lo ocurrido est\u00e1n siendo periciadas por la Secci\u00f3n de Investigaci\u00f3n de Accidentes de Tr\u00e1nsito (SIAT).<\/p>\n\n\n\n<p>FOTO: Redes sociales<\/p>\n","protected":false},"excerpt":{"rendered":"<p>Un nuevo accidente de tr\u00e1nsito enluta a las carreteras de la Regi\u00f3n de Los Lagos, luego de que una mujer de 77 a\u00f1os falleciera a bordo de la camioneta en..<\/p>\n","protected":false},"author":2,"featured_media":6179,"comment_status":"closed","ping_status":"open","sticky":false,"template":"","format":"standard","meta":{"footnotes":""},"categories":[1,28],"tags":[],"class_list":["post-6178","post","type-post","status-publish","format-standard","has-post-thumbnail","hentry","category-acontecer","category-actual"],"rttpg_featured_image_url":{"full":["https:\/\/elconquistadorredloslagos.cl\/test\/wp-content\/uploads\/2025\/01\/Sin-titulo-1-5.png",1920,1080,false],"landscape":["https:\/\/elconquistadorredloslagos.cl\/test\/wp-content\/uploads\/2025\/01\/Sin-titulo-1-5.png",1920,1080,false],"portraits":["https:\/\/elconquistadorredloslagos.cl\/test\/wp-content\/uploads\/2025\/01\/Sin-titulo-1-5.png",1920,1080,false],"thumbnail":["https:\/\/elconquistadorredloslagos.cl\/test\/wp-content\/uploads\/2025\/01\/Sin-titulo-1-5-150x150.png",150,150,true],"medium":["https:\/\/elconquistadorredloslagos.cl\/test\/wp-content\/uploads\/2025\/01\/Sin-titulo-1-5-300x169.png",300,169,true],"large":["https:\/\/elconquistadorredloslagos.cl\/test\/wp-content\/uploads\/2025\/01\/Sin-titulo-1-5-1024x576.png",1024,576,true],"1536x1536":["https:\/\/elconquistadorredloslagos.cl\/test\/wp-content\/uploads\/2025\/01\/Sin-titulo-1-5-1536x864.png",1536,864,true],"2048x2048":["https:\/\/elconquistadorredloslagos.cl\/test\/wp-content\/uploads\/2025\/01\/Sin-titulo-1-5.png",1920,1080,false]},"rttpg_author":{"display_name":"ccardenas","author_link":"https:\/\/elconquistadorredloslagos.cl\/test\/blog\/author\/ccardenas\/"},"rttpg_comment":0,"rttpg_category":"<a href=\"https:\/\/elconquistadorredloslagos.cl\/test\/blog\/category\/actual\/acontecer\/\" rel=\"category tag\">Acontecer<\/a> <a href=\"https:\/\/elconquistadorredloslagos.cl\/test\/blog\/category\/actual\/\" rel=\"category tag\">Actualidad<\/a>","rttpg_excerpt":"Un nuevo accidente de tr\u00e1nsito enluta a las carreteras de la Regi\u00f3n de Los Lagos, luego de que una mujer de 77 a\u00f1os falleciera a bordo de la camioneta en..","_links":{"self":[{"href":"https:\/\/elconquistadorredloslagos.cl\/test\/wp-json\/wp\/v2\/posts\/6178","targetHints":{"allow":["GET"]}}],"collection":[{"href":"https:\/\/elconquistadorredloslagos.cl\/test\/wp-json\/wp\/v2\/posts"}],"about":[{"href":"https:\/\/elconquistadorredloslagos.cl\/test\/wp-json\/wp\/v2\/types\/post"}],"author":[{"embeddable":true,"href":"https:\/\/elconquistadorredloslagos.cl\/test\/wp-json\/wp\/v2\/users\/2"}],"replies":[{"embeddable":true,"href":"https:\/\/elconquistadorredloslagos.cl\/test\/wp-json\/wp\/v2\/comments?post=6178"}],"version-history":[{"count":1,"href":"https:\/\/elconquistadorredloslagos.cl\/test\/wp-json\/wp\/v2\/posts\/6178\/revisions"}],"predecessor-version":[{"id":6180,"href":"https:\/\/elconquistadorredloslagos.cl\/test\/wp-json\/wp\/v2\/posts\/6178\/revisions\/6180"}],"wp:featuredmedia":[{"embeddable":true,"href":"https:\/\/elconquistadorredloslagos.cl\/test\/wp-json\/wp\/v2\/media\/6179"}],"wp:attachment":[{"href":"https:\/\/elconquistadorredloslagos.cl\/test\/wp-json\/wp\/v2\/media?parent=6178"}],"wp:term":[{"taxonomy":"category","embeddable":true,"href":"https:\/\/elconquistadorredloslagos.cl\/test\/wp-json\/wp\/v2\/categories?post=6178"},{"taxonomy":"post_tag","embeddable":true,"href":"https:\/\/elconquistadorredloslagos.cl\/test\/wp-json\/wp\/v2\/tags?post=6178"}],"curies":[{"name":"wp","href":"https:\/\/api.w.org\/{rel}","templated":true}]}}