{"id":6131,"date":"2025-01-02T13:29:24","date_gmt":"2025-01-02T16:29:24","guid":{"rendered":"https:\/\/elconquistadorredloslagos.cl\/test\/?p=6131"},"modified":"2025-01-02T13:29:24","modified_gmt":"2025-01-02T16:29:24","slug":"patricio-vallespin-entrego-este-gobierno-regional-con-los-mas-altos-estandares-en-procedimientos-internos","status":"publish","type":"post","link":"https:\/\/elconquistadorredloslagos.cl\/test\/blog\/2025\/01\/02\/patricio-vallespin-entrego-este-gobierno-regional-con-los-mas-altos-estandares-en-procedimientos-internos\/","title":{"rendered":"Patricio Vallesp\u00edn: \u201centrego este gobierno regional con los m\u00e1s altos est\u00e1ndares en procedimientos internos\u201d"},"content":{"rendered":"\n<p>Con altas expectativas, Alejandro Santana asumir\u00e1 de forma oficial su nuevo cargo de gobernador regional, el pr\u00f3ximo lunes 6 de enero del presente a\u00f1o, inici\u00e1ndose de este modo una nueva etapa en Los Lagos.<\/p>\n\n\n\n<p>En este contexto, el actual gobernador Patricio Vallesp\u00edn particip\u00f3 de su \u00faltimo punto de prensa, oportunidad en que se refiri\u00f3 al Informe de Traspaso de Mando que entregar\u00e1 a su sucesor. Entre los detalles que trajo consigo este documento, aparecen los 16 mil millones de pesos transferidos a instituciones, de los cuales fueron reintegrados al Fisco 8 mil 224 millones de pesos, por programas no ejecutados o porque fueron rechazadas sus rendiciones.<\/p>\n\n\n\n<p>De igual modo, el pol\u00edtico coment\u00f3 que los \u00fanicos recursos hasta ahora perdidos corresponden a la Fundaci\u00f3n Kim\u00fan y que ascienden a 1.200 millones de pesos.<\/p>\n\n\n\n<figure class=\"wp-block-audio\"><audio controls src=\"https:\/\/elconquistadorredloslagos.cl\/test\/wp-content\/uploads\/2025\/01\/CUNA-VALLESPIN.mp3\"><\/audio><\/figure>\n\n\n\n<p>Patricio Vallesp\u00edn L\u00f3pez asumi\u00f3 como gobernador de Los Lagos en julio del a\u00f1o 2021.<\/p>\n","protected":false},"excerpt":{"rendered":"<p>Con altas expectativas, Alejandro Santana asumir\u00e1 de forma oficial su nuevo cargo de gobernador regional, el pr\u00f3ximo lunes 6 de enero del presente a\u00f1o, inici\u00e1ndose de este modo una nueva..<\/p>\n","protected":false},"author":2,"featured_media":6133,"comment_status":"closed","ping_status":"open","sticky":false,"template":"","format":"standard","meta":{"footnotes":""},"categories":[1,28],"tags":[],"class_list":["post-6131","post","type-post","status-publish","format-standard","has-post-thumbnail","hentry","category-acontecer","category-actual"],"rttpg_featured_image_url":{"full":["https:\/\/elconquistadorredloslagos.cl\/test\/wp-content\/uploads\/2025\/01\/New-Movie-18-1.png",1280,720,false],"landscape":["https:\/\/elconquistadorredloslagos.cl\/test\/wp-content\/uploads\/2025\/01\/New-Movie-18-1.png",1280,720,false],"portraits":["https:\/\/elconquistadorredloslagos.cl\/test\/wp-content\/uploads\/2025\/01\/New-Movie-18-1.png",1280,720,false],"thumbnail":["https:\/\/elconquistadorredloslagos.cl\/test\/wp-content\/uploads\/2025\/01\/New-Movie-18-1-150x150.png",150,150,true],"medium":["https:\/\/elconquistadorredloslagos.cl\/test\/wp-content\/uploads\/2025\/01\/New-Movie-18-1-300x169.png",300,169,true],"large":["https:\/\/elconquistadorredloslagos.cl\/test\/wp-content\/uploads\/2025\/01\/New-Movie-18-1-1024x576.png",1024,576,true],"1536x1536":["https:\/\/elconquistadorredloslagos.cl\/test\/wp-content\/uploads\/2025\/01\/New-Movie-18-1.png",1280,720,false],"2048x2048":["https:\/\/elconquistadorredloslagos.cl\/test\/wp-content\/uploads\/2025\/01\/New-Movie-18-1.png",1280,720,false]},"rttpg_author":{"display_name":"ccardenas","author_link":"https:\/\/elconquistadorredloslagos.cl\/test\/blog\/author\/ccardenas\/"},"rttpg_comment":0,"rttpg_category":"<a href=\"https:\/\/elconquistadorredloslagos.cl\/test\/blog\/category\/actual\/acontecer\/\" rel=\"category tag\">Acontecer<\/a> <a href=\"https:\/\/elconquistadorredloslagos.cl\/test\/blog\/category\/actual\/\" rel=\"category tag\">Actualidad<\/a>","rttpg_excerpt":"Con altas expectativas, Alejandro Santana asumir\u00e1 de forma oficial su nuevo cargo de gobernador regional, el pr\u00f3ximo lunes 6 de enero del presente a\u00f1o, inici\u00e1ndose de este modo una nueva..","_links":{"self":[{"href":"https:\/\/elconquistadorredloslagos.cl\/test\/wp-json\/wp\/v2\/posts\/6131","targetHints":{"allow":["GET"]}}],"collection":[{"href":"https:\/\/elconquistadorredloslagos.cl\/test\/wp-json\/wp\/v2\/posts"}],"about":[{"href":"https:\/\/elconquistadorredloslagos.cl\/test\/wp-json\/wp\/v2\/types\/post"}],"author":[{"embeddable":true,"href":"https:\/\/elconquistadorredloslagos.cl\/test\/wp-json\/wp\/v2\/users\/2"}],"replies":[{"embeddable":true,"href":"https:\/\/elconquistadorredloslagos.cl\/test\/wp-json\/wp\/v2\/comments?post=6131"}],"version-history":[{"count":1,"href":"https:\/\/elconquistadorredloslagos.cl\/test\/wp-json\/wp\/v2\/posts\/6131\/revisions"}],"predecessor-version":[{"id":6134,"href":"https:\/\/elconquistadorredloslagos.cl\/test\/wp-json\/wp\/v2\/posts\/6131\/revisions\/6134"}],"wp:featuredmedia":[{"embeddable":true,"href":"https:\/\/elconquistadorredloslagos.cl\/test\/wp-json\/wp\/v2\/media\/6133"}],"wp:attachment":[{"href":"https:\/\/elconquistadorredloslagos.cl\/test\/wp-json\/wp\/v2\/media?parent=6131"}],"wp:term":[{"taxonomy":"category","embeddable":true,"href":"https:\/\/elconquistadorredloslagos.cl\/test\/wp-json\/wp\/v2\/categories?post=6131"},{"taxonomy":"post_tag","embeddable":true,"href":"https:\/\/elconquistadorredloslagos.cl\/test\/wp-json\/wp\/v2\/tags?post=6131"}],"curies":[{"name":"wp","href":"https:\/\/api.w.org\/{rel}","templated":true}]}}