{"id":6117,"date":"2025-01-02T11:23:41","date_gmt":"2025-01-02T14:23:41","guid":{"rendered":"https:\/\/elconquistadorredloslagos.cl\/test\/?p=6117"},"modified":"2025-01-02T11:23:41","modified_gmt":"2025-01-02T14:23:41","slug":"corte-de-apelaciones-de-puerto-montt-inauguro-en-hornopiren-modulo-de-acceso-a-plataforma-conecta-pjud","status":"publish","type":"post","link":"https:\/\/elconquistadorredloslagos.cl\/test\/blog\/2025\/01\/02\/corte-de-apelaciones-de-puerto-montt-inauguro-en-hornopiren-modulo-de-acceso-a-plataforma-conecta-pjud\/","title":{"rendered":"Corte de Apelaciones de Puerto Montt inaugur\u00f3 en Hornopir\u00e9n m\u00f3dulo de acceso a plataforma \u201cConecta PJUD\u201d"},"content":{"rendered":"\n<p>Con el objetivo de acercar la justicia a todas las personas, la Corte de Apelaciones de Puerto Montt inaugur\u00f3 en Hornopir\u00e9n, un m\u00f3dulo de acceso a la plataforma virtual de atenci\u00f3n de p\u00fablico Conecta PJUD (conecta.pjud.cl).<\/p>\n\n\n\n<p>El t\u00f3tem, instalado en dependencias de la Municipalidad de Hualaihu\u00e9, permitir\u00e1 a las usuarias y usuarios conectarse a trav\u00e9s de videoconferencia con la Corte de Apelaciones, los 24 tribunales de la jurisdicci\u00f3n y del pa\u00eds, para realizar consultas sobre causas o conectarse a audiencias, y acceder, adem\u00e1s, a la Oficina Judicial Virtual, entre otros servicios.<\/p>\n\n\n\n<p>La iniciativa, que se enmarca en la conmemoraci\u00f3n de los 50 A\u00f1os del tribunal de alzada, fue impulsada por la Corte, a trav\u00e9s de un convenio de colaboraci\u00f3n suscrito por la Corporaci\u00f3n Administrativa del Poder Judicial y la Municipalidad de Hualaihu\u00e9.<\/p>\n\n\n\n<p>El administrador del tribunal de alzada, Mois\u00e9s Agurto, explic\u00f3 a los asistentes el objetivo y la funcionalidad del m\u00f3dulo.<\/p>\n\n\n\n<figure class=\"wp-block-audio\"><audio controls src=\"https:\/\/elconquistadorredloslagos.cl\/test\/wp-content\/uploads\/2025\/01\/CUNA-MOISES-AGURTO.mp3\"><\/audio><\/figure>\n\n\n\n<p>Para Alicia Lev\u00edn, del sector Quildaco Alto, la instalaci\u00f3n del m\u00f3dulo es altamente positiva para los pobladores.<\/p>\n\n\n\n<figure class=\"wp-block-audio\"><audio controls src=\"https:\/\/elconquistadorredloslagos.cl\/test\/wp-content\/uploads\/2025\/01\/CUNA-ALICIA-LEVIN.mp3\"><\/audio><\/figure>\n\n\n\n<p>Durante la jornada, adem\u00e1s, se llev\u00f3 a cabo un conversatorio jur\u00eddico en la Biblioteca del Liceo Hornopir\u00e9n, que cont\u00f3 con la participaci\u00f3n de destacados acad\u00e9micos de cuatro universidades, organizado por la Corte de Apelaciones de Puerto Montt, la Universidad San Sebasti\u00e1n y la Notar\u00eda, Conservador y Archivero Judicial de Hualaihu\u00e9.<\/p>\n","protected":false},"excerpt":{"rendered":"<p>Con el objetivo de acercar la justicia a todas las personas, la Corte de Apelaciones de Puerto Montt inaugur\u00f3 en Hornopir\u00e9n, un m\u00f3dulo de acceso a la plataforma virtual de..<\/p>\n","protected":false},"author":2,"featured_media":6120,"comment_status":"closed","ping_status":"open","sticky":false,"template":"","format":"standard","meta":{"footnotes":""},"categories":[1,28],"tags":[],"class_list":["post-6117","post","type-post","status-publish","format-standard","has-post-thumbnail","hentry","category-acontecer","category-actual"],"rttpg_featured_image_url":{"full":["https:\/\/elconquistadorredloslagos.cl\/test\/wp-content\/uploads\/2025\/01\/Sin-titulo-1-Recuperado-2.png",1920,1080,false],"landscape":["https:\/\/elconquistadorredloslagos.cl\/test\/wp-content\/uploads\/2025\/01\/Sin-titulo-1-Recuperado-2.png",1920,1080,false],"portraits":["https:\/\/elconquistadorredloslagos.cl\/test\/wp-content\/uploads\/2025\/01\/Sin-titulo-1-Recuperado-2.png",1920,1080,false],"thumbnail":["https:\/\/elconquistadorredloslagos.cl\/test\/wp-content\/uploads\/2025\/01\/Sin-titulo-1-Recuperado-2-150x150.png",150,150,true],"medium":["https:\/\/elconquistadorredloslagos.cl\/test\/wp-content\/uploads\/2025\/01\/Sin-titulo-1-Recuperado-2-300x169.png",300,169,true],"large":["https:\/\/elconquistadorredloslagos.cl\/test\/wp-content\/uploads\/2025\/01\/Sin-titulo-1-Recuperado-2-1024x576.png",1024,576,true],"1536x1536":["https:\/\/elconquistadorredloslagos.cl\/test\/wp-content\/uploads\/2025\/01\/Sin-titulo-1-Recuperado-2-1536x864.png",1536,864,true],"2048x2048":["https:\/\/elconquistadorredloslagos.cl\/test\/wp-content\/uploads\/2025\/01\/Sin-titulo-1-Recuperado-2.png",1920,1080,false]},"rttpg_author":{"display_name":"ccardenas","author_link":"https:\/\/elconquistadorredloslagos.cl\/test\/blog\/author\/ccardenas\/"},"rttpg_comment":0,"rttpg_category":"<a href=\"https:\/\/elconquistadorredloslagos.cl\/test\/blog\/category\/actual\/acontecer\/\" rel=\"category tag\">Acontecer<\/a> <a href=\"https:\/\/elconquistadorredloslagos.cl\/test\/blog\/category\/actual\/\" rel=\"category tag\">Actualidad<\/a>","rttpg_excerpt":"Con el objetivo de acercar la justicia a todas las personas, la Corte de Apelaciones de Puerto Montt inaugur\u00f3 en Hornopir\u00e9n, un m\u00f3dulo de acceso a la plataforma virtual de..","_links":{"self":[{"href":"https:\/\/elconquistadorredloslagos.cl\/test\/wp-json\/wp\/v2\/posts\/6117","targetHints":{"allow":["GET"]}}],"collection":[{"href":"https:\/\/elconquistadorredloslagos.cl\/test\/wp-json\/wp\/v2\/posts"}],"about":[{"href":"https:\/\/elconquistadorredloslagos.cl\/test\/wp-json\/wp\/v2\/types\/post"}],"author":[{"embeddable":true,"href":"https:\/\/elconquistadorredloslagos.cl\/test\/wp-json\/wp\/v2\/users\/2"}],"replies":[{"embeddable":true,"href":"https:\/\/elconquistadorredloslagos.cl\/test\/wp-json\/wp\/v2\/comments?post=6117"}],"version-history":[{"count":1,"href":"https:\/\/elconquistadorredloslagos.cl\/test\/wp-json\/wp\/v2\/posts\/6117\/revisions"}],"predecessor-version":[{"id":6121,"href":"https:\/\/elconquistadorredloslagos.cl\/test\/wp-json\/wp\/v2\/posts\/6117\/revisions\/6121"}],"wp:featuredmedia":[{"embeddable":true,"href":"https:\/\/elconquistadorredloslagos.cl\/test\/wp-json\/wp\/v2\/media\/6120"}],"wp:attachment":[{"href":"https:\/\/elconquistadorredloslagos.cl\/test\/wp-json\/wp\/v2\/media?parent=6117"}],"wp:term":[{"taxonomy":"category","embeddable":true,"href":"https:\/\/elconquistadorredloslagos.cl\/test\/wp-json\/wp\/v2\/categories?post=6117"},{"taxonomy":"post_tag","embeddable":true,"href":"https:\/\/elconquistadorredloslagos.cl\/test\/wp-json\/wp\/v2\/tags?post=6117"}],"curies":[{"name":"wp","href":"https:\/\/api.w.org\/{rel}","templated":true}]}}