{"id":6010,"date":"2024-12-27T11:19:46","date_gmt":"2024-12-27T14:19:46","guid":{"rendered":"https:\/\/elconquistadorredloslagos.cl\/test\/?p=6010"},"modified":"2024-12-27T11:19:47","modified_gmt":"2024-12-27T14:19:47","slug":"fortalecen-salud-rural-en-chiloe","status":"publish","type":"post","link":"https:\/\/elconquistadorredloslagos.cl\/test\/blog\/2024\/12\/27\/fortalecen-salud-rural-en-chiloe\/","title":{"rendered":"Fortalecen salud rural en Chilo\u00e9"},"content":{"rendered":"\n<p>Durante dos d\u00edas, los TENS de las postas de salud rural y de las estaciones m\u00e9dico rurales de la red asistencial de la provincia de Chilo\u00e9, se dieron cita en Castro para participar de la \u00faltima Jornada de Salud Rural de este 2024, que permite fortalecer las competencias t\u00e9cnicas de los equipos encargados de la prevenci\u00f3n y promoci\u00f3n de salud de las personas que habitan en los lugares m\u00e1s apartados del Archipi\u00e9lago.<\/p>\n\n\n\n<p>Al respecto Maritza Torres, referente del programa de Equidad en Salud Rural del Servicio de Salud Chilo\u00e9 destac\u00f3 la importancia de contribuir a la capacitaci\u00f3n continua de los TENS y t\u00e9cnicos param\u00e9dicos de todo el Archipi\u00e9lago quienes cumplen un rol fundamental en el cuidado de sus comunidades realizando prevenci\u00f3n, promoci\u00f3n, fomento, protecci\u00f3n y recuperaci\u00f3n de la salud de la poblaci\u00f3n que habita los sectores m\u00e1s rurales e insulares de Chilo\u00e9.<\/p>\n\n\n\n<p>En esta ocasi\u00f3n, explic\u00f3 Maritza Torres, el objetivo es capacitar a los equipos de salud rural en estrategias de promoci\u00f3n de la salud en base al enfoque salutog\u00e9nico de la salud y los activos comunitarios de la salud, adem\u00e1s de fomentar la participaci\u00f3n comunitaria en actividades de salud e implementar acciones de prevenci\u00f3n y promoci\u00f3n adaptadas a la realidad local.<\/p>\n","protected":false},"excerpt":{"rendered":"<p>Durante dos d\u00edas, los TENS de las postas de salud rural y de las estaciones m\u00e9dico rurales de la red asistencial de la provincia de Chilo\u00e9, se dieron cita en..<\/p>\n","protected":false},"author":2,"featured_media":6011,"comment_status":"closed","ping_status":"open","sticky":false,"template":"","format":"standard","meta":{"footnotes":""},"categories":[1,28],"tags":[],"class_list":["post-6010","post","type-post","status-publish","format-standard","has-post-thumbnail","hentry","category-acontecer","category-actual"],"rttpg_featured_image_url":{"full":["https:\/\/elconquistadorredloslagos.cl\/test\/wp-content\/uploads\/2024\/12\/Sin-titulo-1-99.png",1920,1080,false],"landscape":["https:\/\/elconquistadorredloslagos.cl\/test\/wp-content\/uploads\/2024\/12\/Sin-titulo-1-99.png",1920,1080,false],"portraits":["https:\/\/elconquistadorredloslagos.cl\/test\/wp-content\/uploads\/2024\/12\/Sin-titulo-1-99.png",1920,1080,false],"thumbnail":["https:\/\/elconquistadorredloslagos.cl\/test\/wp-content\/uploads\/2024\/12\/Sin-titulo-1-99-150x150.png",150,150,true],"medium":["https:\/\/elconquistadorredloslagos.cl\/test\/wp-content\/uploads\/2024\/12\/Sin-titulo-1-99-300x169.png",300,169,true],"large":["https:\/\/elconquistadorredloslagos.cl\/test\/wp-content\/uploads\/2024\/12\/Sin-titulo-1-99-1024x576.png",1024,576,true],"1536x1536":["https:\/\/elconquistadorredloslagos.cl\/test\/wp-content\/uploads\/2024\/12\/Sin-titulo-1-99-1536x864.png",1536,864,true],"2048x2048":["https:\/\/elconquistadorredloslagos.cl\/test\/wp-content\/uploads\/2024\/12\/Sin-titulo-1-99.png",1920,1080,false]},"rttpg_author":{"display_name":"ccardenas","author_link":"https:\/\/elconquistadorredloslagos.cl\/test\/blog\/author\/ccardenas\/"},"rttpg_comment":0,"rttpg_category":"<a href=\"https:\/\/elconquistadorredloslagos.cl\/test\/blog\/category\/actual\/acontecer\/\" rel=\"category tag\">Acontecer<\/a> <a href=\"https:\/\/elconquistadorredloslagos.cl\/test\/blog\/category\/actual\/\" rel=\"category tag\">Actualidad<\/a>","rttpg_excerpt":"Durante dos d\u00edas, los TENS de las postas de salud rural y de las estaciones m\u00e9dico rurales de la red asistencial de la provincia de Chilo\u00e9, se dieron cita en..","_links":{"self":[{"href":"https:\/\/elconquistadorredloslagos.cl\/test\/wp-json\/wp\/v2\/posts\/6010","targetHints":{"allow":["GET"]}}],"collection":[{"href":"https:\/\/elconquistadorredloslagos.cl\/test\/wp-json\/wp\/v2\/posts"}],"about":[{"href":"https:\/\/elconquistadorredloslagos.cl\/test\/wp-json\/wp\/v2\/types\/post"}],"author":[{"embeddable":true,"href":"https:\/\/elconquistadorredloslagos.cl\/test\/wp-json\/wp\/v2\/users\/2"}],"replies":[{"embeddable":true,"href":"https:\/\/elconquistadorredloslagos.cl\/test\/wp-json\/wp\/v2\/comments?post=6010"}],"version-history":[{"count":1,"href":"https:\/\/elconquistadorredloslagos.cl\/test\/wp-json\/wp\/v2\/posts\/6010\/revisions"}],"predecessor-version":[{"id":6012,"href":"https:\/\/elconquistadorredloslagos.cl\/test\/wp-json\/wp\/v2\/posts\/6010\/revisions\/6012"}],"wp:featuredmedia":[{"embeddable":true,"href":"https:\/\/elconquistadorredloslagos.cl\/test\/wp-json\/wp\/v2\/media\/6011"}],"wp:attachment":[{"href":"https:\/\/elconquistadorredloslagos.cl\/test\/wp-json\/wp\/v2\/media?parent=6010"}],"wp:term":[{"taxonomy":"category","embeddable":true,"href":"https:\/\/elconquistadorredloslagos.cl\/test\/wp-json\/wp\/v2\/categories?post=6010"},{"taxonomy":"post_tag","embeddable":true,"href":"https:\/\/elconquistadorredloslagos.cl\/test\/wp-json\/wp\/v2\/tags?post=6010"}],"curies":[{"name":"wp","href":"https:\/\/api.w.org\/{rel}","templated":true}]}}