{"id":6007,"date":"2024-12-27T11:11:23","date_gmt":"2024-12-27T14:11:23","guid":{"rendered":"https:\/\/elconquistadorredloslagos.cl\/test\/?p=6007"},"modified":"2024-12-27T11:11:25","modified_gmt":"2024-12-27T14:11:25","slug":"pti-de-la-carne-bovina-los-lagos-cierra-2024-con-nuevas-propuestas-para-fortalecer-la-produccion-ganadera","status":"publish","type":"post","link":"https:\/\/elconquistadorredloslagos.cl\/test\/blog\/2024\/12\/27\/pti-de-la-carne-bovina-los-lagos-cierra-2024-con-nuevas-propuestas-para-fortalecer-la-produccion-ganadera\/","title":{"rendered":"PTI de la Carne Bovina Los Lagos cierra 2024 con nuevas propuestas para fortalecer la producci\u00f3n ganadera"},"content":{"rendered":"\n<p>Esta semana, en la ciudad de Puerto Varas, se realiz\u00f3 la \u00faltima reuni\u00f3n de gobernanza del a\u00f1o 2024 del Programa Territorial Integrado (PTI) de la Carne Bovina de Los Lagos, instancia clave para la articulaci\u00f3n y desarrollo de la producci\u00f3n ganadera regional.<\/p>\n\n\n\n<p>Articulado por Corfo Los Lagos, este programa re\u00fane a representantes de una amplia red de entidades p\u00fablicas y privadas, entre las que destacan la Seremi de Agricultura, la Divisi\u00f3n de Fomento Productivo del Gobierno Regional, INDAP, SAG, ProChile, INIA Remehue, cooperativas, productores, asociaciones gremiales y acad\u00e9micos de la Universidad de Los Lagos. Este ecosistema colaborativo busca fortalecer la cadena de valor de la carne bovina y promover la innovaci\u00f3n en el sector.<\/p>\n\n\n\n<p>De esta manera, la jornada que cont\u00f3 con la presencia del Director Regional de Corfo Los Lagos, Eduardo Arancibia y del Subdirector, David Espinoza, comenz\u00f3 con las palabras de Loreto Santelices, gestora del programa, quien destac\u00f3 los logros alcanzados durante el a\u00f1o y dio paso a las presentaciones de los proyectos clave para el futuro del PTI. Entre ellas, Pamela Villagra, quien expuso la \u201cRuta de la Carne\u201d, una propuesta para consolidar estrategias productivas y comerciales.<\/p>\n\n\n\n<p>Asimismo, Pedro Guzm\u00e1n, de la consultora Adelanta, present\u00f3 el informe final del estudio de evaluaci\u00f3n de proyectos de inversi\u00f3n, para diversificar la oferta de procesamiento, entregando una visi\u00f3n integral de los avances en la regi\u00f3n. Por su parte, el Director de Innovaci\u00f3n e Industrias, Alejandro Vel\u00e1squez, comparti\u00f3 la propuesta de trabajo del Centro de Innovaci\u00f3n Regional Los Lagos, orientada a potenciar la competitividad y sostenibilidad de los productores locales.<\/p>\n","protected":false},"excerpt":{"rendered":"<p>Esta semana, en la ciudad de Puerto Varas, se realiz\u00f3 la \u00faltima reuni\u00f3n de gobernanza del a\u00f1o 2024 del Programa Territorial Integrado (PTI) de la Carne Bovina de Los Lagos,..<\/p>\n","protected":false},"author":2,"featured_media":6008,"comment_status":"closed","ping_status":"open","sticky":false,"template":"","format":"standard","meta":{"footnotes":""},"categories":[1,28],"tags":[],"class_list":["post-6007","post","type-post","status-publish","format-standard","has-post-thumbnail","hentry","category-acontecer","category-actual"],"rttpg_featured_image_url":{"full":["https:\/\/elconquistadorredloslagos.cl\/test\/wp-content\/uploads\/2024\/12\/Sin-titulo-1-98.png",1920,1080,false],"landscape":["https:\/\/elconquistadorredloslagos.cl\/test\/wp-content\/uploads\/2024\/12\/Sin-titulo-1-98.png",1920,1080,false],"portraits":["https:\/\/elconquistadorredloslagos.cl\/test\/wp-content\/uploads\/2024\/12\/Sin-titulo-1-98.png",1920,1080,false],"thumbnail":["https:\/\/elconquistadorredloslagos.cl\/test\/wp-content\/uploads\/2024\/12\/Sin-titulo-1-98-150x150.png",150,150,true],"medium":["https:\/\/elconquistadorredloslagos.cl\/test\/wp-content\/uploads\/2024\/12\/Sin-titulo-1-98-300x169.png",300,169,true],"large":["https:\/\/elconquistadorredloslagos.cl\/test\/wp-content\/uploads\/2024\/12\/Sin-titulo-1-98-1024x576.png",1024,576,true],"1536x1536":["https:\/\/elconquistadorredloslagos.cl\/test\/wp-content\/uploads\/2024\/12\/Sin-titulo-1-98-1536x864.png",1536,864,true],"2048x2048":["https:\/\/elconquistadorredloslagos.cl\/test\/wp-content\/uploads\/2024\/12\/Sin-titulo-1-98.png",1920,1080,false]},"rttpg_author":{"display_name":"ccardenas","author_link":"https:\/\/elconquistadorredloslagos.cl\/test\/blog\/author\/ccardenas\/"},"rttpg_comment":0,"rttpg_category":"<a href=\"https:\/\/elconquistadorredloslagos.cl\/test\/blog\/category\/actual\/acontecer\/\" rel=\"category tag\">Acontecer<\/a> <a href=\"https:\/\/elconquistadorredloslagos.cl\/test\/blog\/category\/actual\/\" rel=\"category tag\">Actualidad<\/a>","rttpg_excerpt":"Esta semana, en la ciudad de Puerto Varas, se realiz\u00f3 la \u00faltima reuni\u00f3n de gobernanza del a\u00f1o 2024 del Programa Territorial Integrado (PTI) de la Carne Bovina de Los Lagos,..","_links":{"self":[{"href":"https:\/\/elconquistadorredloslagos.cl\/test\/wp-json\/wp\/v2\/posts\/6007","targetHints":{"allow":["GET"]}}],"collection":[{"href":"https:\/\/elconquistadorredloslagos.cl\/test\/wp-json\/wp\/v2\/posts"}],"about":[{"href":"https:\/\/elconquistadorredloslagos.cl\/test\/wp-json\/wp\/v2\/types\/post"}],"author":[{"embeddable":true,"href":"https:\/\/elconquistadorredloslagos.cl\/test\/wp-json\/wp\/v2\/users\/2"}],"replies":[{"embeddable":true,"href":"https:\/\/elconquistadorredloslagos.cl\/test\/wp-json\/wp\/v2\/comments?post=6007"}],"version-history":[{"count":1,"href":"https:\/\/elconquistadorredloslagos.cl\/test\/wp-json\/wp\/v2\/posts\/6007\/revisions"}],"predecessor-version":[{"id":6009,"href":"https:\/\/elconquistadorredloslagos.cl\/test\/wp-json\/wp\/v2\/posts\/6007\/revisions\/6009"}],"wp:featuredmedia":[{"embeddable":true,"href":"https:\/\/elconquistadorredloslagos.cl\/test\/wp-json\/wp\/v2\/media\/6008"}],"wp:attachment":[{"href":"https:\/\/elconquistadorredloslagos.cl\/test\/wp-json\/wp\/v2\/media?parent=6007"}],"wp:term":[{"taxonomy":"category","embeddable":true,"href":"https:\/\/elconquistadorredloslagos.cl\/test\/wp-json\/wp\/v2\/categories?post=6007"},{"taxonomy":"post_tag","embeddable":true,"href":"https:\/\/elconquistadorredloslagos.cl\/test\/wp-json\/wp\/v2\/tags?post=6007"}],"curies":[{"name":"wp","href":"https:\/\/api.w.org\/{rel}","templated":true}]}}