{"id":5985,"date":"2024-12-26T14:28:23","date_gmt":"2024-12-26T17:28:23","guid":{"rendered":"https:\/\/elconquistadorredloslagos.cl\/test\/?p=5985"},"modified":"2024-12-26T14:28:24","modified_gmt":"2024-12-26T17:28:24","slug":"incendio-destruye-dos-viviendas-en-osorno-y-deja-seis-damnificados","status":"publish","type":"post","link":"https:\/\/elconquistadorredloslagos.cl\/test\/blog\/2024\/12\/26\/incendio-destruye-dos-viviendas-en-osorno-y-deja-seis-damnificados\/","title":{"rendered":"Incendio destruye dos viviendas en Osorno y deja seis damnificados"},"content":{"rendered":"\n<p>Un violento incendio dej\u00f3 como saldo a seis personas damnificadas y dos viviendas destruidas en el sector Rahue Alto de Osorno.<\/p>\n\n\n\n<p>El llamado de emergencia se produjo una vez que la central de alarmas del Cuerpo de Bomberos fue notificada de un siniestro que afectaba a dos inmuebles ubicados en calle Potos\u00ed con Argentina. Hasta el lugar se trasladaron seis compa\u00f1\u00edas, ocasi\u00f3n en que los voluntarios trabajaron para evitar que el fuego se propagara a las viviendas colindantes.<\/p>\n\n\n\n<p>Por ahora se desconocen las causas basales del incendio, aunque el personal bomberil advierte de manera preliminar que pudo tratarse de una falla originada en una cocina industrial.<\/p>\n\n\n\n<p>Si bien no se reportaron lesionados, dos personas presentaron principios de asfixia y crisis de p\u00e1nico, debiendo ser atendidos por personal del Servicio M\u00e9dico de Urgencias (SAMU).<\/p>\n\n\n\n<p>FOTO: Redes sociales<\/p>\n","protected":false},"excerpt":{"rendered":"<p>Un violento incendio dej\u00f3 como saldo a seis personas damnificadas y dos viviendas destruidas en el sector Rahue Alto de Osorno. El llamado de emergencia se produjo una vez que..<\/p>\n","protected":false},"author":2,"featured_media":5986,"comment_status":"closed","ping_status":"open","sticky":false,"template":"","format":"standard","meta":{"footnotes":""},"categories":[1,28],"tags":[],"class_list":["post-5985","post","type-post","status-publish","format-standard","has-post-thumbnail","hentry","category-acontecer","category-actual"],"rttpg_featured_image_url":{"full":["https:\/\/elconquistadorredloslagos.cl\/test\/wp-content\/uploads\/2024\/12\/Sin-titulo-1-Recuperado-37.png",1920,1080,false],"landscape":["https:\/\/elconquistadorredloslagos.cl\/test\/wp-content\/uploads\/2024\/12\/Sin-titulo-1-Recuperado-37.png",1920,1080,false],"portraits":["https:\/\/elconquistadorredloslagos.cl\/test\/wp-content\/uploads\/2024\/12\/Sin-titulo-1-Recuperado-37.png",1920,1080,false],"thumbnail":["https:\/\/elconquistadorredloslagos.cl\/test\/wp-content\/uploads\/2024\/12\/Sin-titulo-1-Recuperado-37-150x150.png",150,150,true],"medium":["https:\/\/elconquistadorredloslagos.cl\/test\/wp-content\/uploads\/2024\/12\/Sin-titulo-1-Recuperado-37-300x169.png",300,169,true],"large":["https:\/\/elconquistadorredloslagos.cl\/test\/wp-content\/uploads\/2024\/12\/Sin-titulo-1-Recuperado-37-1024x576.png",1024,576,true],"1536x1536":["https:\/\/elconquistadorredloslagos.cl\/test\/wp-content\/uploads\/2024\/12\/Sin-titulo-1-Recuperado-37-1536x864.png",1536,864,true],"2048x2048":["https:\/\/elconquistadorredloslagos.cl\/test\/wp-content\/uploads\/2024\/12\/Sin-titulo-1-Recuperado-37.png",1920,1080,false]},"rttpg_author":{"display_name":"ccardenas","author_link":"https:\/\/elconquistadorredloslagos.cl\/test\/blog\/author\/ccardenas\/"},"rttpg_comment":0,"rttpg_category":"<a href=\"https:\/\/elconquistadorredloslagos.cl\/test\/blog\/category\/actual\/acontecer\/\" rel=\"category tag\">Acontecer<\/a> <a href=\"https:\/\/elconquistadorredloslagos.cl\/test\/blog\/category\/actual\/\" rel=\"category tag\">Actualidad<\/a>","rttpg_excerpt":"Un violento incendio dej\u00f3 como saldo a seis personas damnificadas y dos viviendas destruidas en el sector Rahue Alto de Osorno. El llamado de emergencia se produjo una vez que..","_links":{"self":[{"href":"https:\/\/elconquistadorredloslagos.cl\/test\/wp-json\/wp\/v2\/posts\/5985","targetHints":{"allow":["GET"]}}],"collection":[{"href":"https:\/\/elconquistadorredloslagos.cl\/test\/wp-json\/wp\/v2\/posts"}],"about":[{"href":"https:\/\/elconquistadorredloslagos.cl\/test\/wp-json\/wp\/v2\/types\/post"}],"author":[{"embeddable":true,"href":"https:\/\/elconquistadorredloslagos.cl\/test\/wp-json\/wp\/v2\/users\/2"}],"replies":[{"embeddable":true,"href":"https:\/\/elconquistadorredloslagos.cl\/test\/wp-json\/wp\/v2\/comments?post=5985"}],"version-history":[{"count":1,"href":"https:\/\/elconquistadorredloslagos.cl\/test\/wp-json\/wp\/v2\/posts\/5985\/revisions"}],"predecessor-version":[{"id":5987,"href":"https:\/\/elconquistadorredloslagos.cl\/test\/wp-json\/wp\/v2\/posts\/5985\/revisions\/5987"}],"wp:featuredmedia":[{"embeddable":true,"href":"https:\/\/elconquistadorredloslagos.cl\/test\/wp-json\/wp\/v2\/media\/5986"}],"wp:attachment":[{"href":"https:\/\/elconquistadorredloslagos.cl\/test\/wp-json\/wp\/v2\/media?parent=5985"}],"wp:term":[{"taxonomy":"category","embeddable":true,"href":"https:\/\/elconquistadorredloslagos.cl\/test\/wp-json\/wp\/v2\/categories?post=5985"},{"taxonomy":"post_tag","embeddable":true,"href":"https:\/\/elconquistadorredloslagos.cl\/test\/wp-json\/wp\/v2\/tags?post=5985"}],"curies":[{"name":"wp","href":"https:\/\/api.w.org\/{rel}","templated":true}]}}