{"id":5978,"date":"2024-12-26T13:57:17","date_gmt":"2024-12-26T16:57:17","guid":{"rendered":"https:\/\/elconquistadorredloslagos.cl\/test\/?p=5978"},"modified":"2024-12-26T13:57:17","modified_gmt":"2024-12-26T16:57:17","slug":"prision-preventiva-para-sujeto-formalizado-por-delito-de-femicidio-frustrado-en-chonchi","status":"publish","type":"post","link":"https:\/\/elconquistadorredloslagos.cl\/test\/blog\/2024\/12\/26\/prision-preventiva-para-sujeto-formalizado-por-delito-de-femicidio-frustrado-en-chonchi\/","title":{"rendered":"Prisi\u00f3n preventiva para sujeto formalizado por delito de femicidio frustrado en Chonchi"},"content":{"rendered":"\n<p>En audiencia ante el Juzgado de Garant\u00eda de Castro, el Ministerio P\u00fablico decret\u00f3 prisi\u00f3n preventiva para un sujeto formalizado por el delito de femicidio en car\u00e1cter de frustrado.<\/p>\n\n\n\n<p>El hecho tuvo en la comuna de Chonchi, oportunidad en que la v\u00edctima result\u00f3 con lesiones graves, teniendo que ser atendida por el equipo m\u00e9dico del Hospital de Castro. Seg\u00fan lo detallado por el fiscal Andreas Kusch, se ampli\u00f3 la detenci\u00f3n del individuo con la finalidad de recabar mayores antecedentes del suceso.<\/p>\n\n\n\n<figure class=\"wp-block-audio\"><audio controls src=\"https:\/\/elconquistadorredloslagos.cl\/test\/wp-content\/uploads\/2024\/12\/CUNA-FISCAL.mp3\"><\/audio><\/figure>\n\n\n\n<p>Asimismo, se determin\u00f3 un plazo de investigaci\u00f3n de 120 d\u00edas.<\/p>\n","protected":false},"excerpt":{"rendered":"<p>En audiencia ante el Juzgado de Garant\u00eda de Castro, el Ministerio P\u00fablico decret\u00f3 prisi\u00f3n preventiva para un sujeto formalizado por el delito de femicidio en car\u00e1cter de frustrado. El hecho..<\/p>\n","protected":false},"author":2,"featured_media":5980,"comment_status":"closed","ping_status":"open","sticky":false,"template":"","format":"standard","meta":{"footnotes":""},"categories":[1,28],"tags":[],"class_list":["post-5978","post","type-post","status-publish","format-standard","has-post-thumbnail","hentry","category-acontecer","category-actual"],"rttpg_featured_image_url":{"full":["https:\/\/elconquistadorredloslagos.cl\/test\/wp-content\/uploads\/2024\/12\/Sin-titulo-1-Recuperado-35.png",1920,1080,false],"landscape":["https:\/\/elconquistadorredloslagos.cl\/test\/wp-content\/uploads\/2024\/12\/Sin-titulo-1-Recuperado-35.png",1920,1080,false],"portraits":["https:\/\/elconquistadorredloslagos.cl\/test\/wp-content\/uploads\/2024\/12\/Sin-titulo-1-Recuperado-35.png",1920,1080,false],"thumbnail":["https:\/\/elconquistadorredloslagos.cl\/test\/wp-content\/uploads\/2024\/12\/Sin-titulo-1-Recuperado-35-150x150.png",150,150,true],"medium":["https:\/\/elconquistadorredloslagos.cl\/test\/wp-content\/uploads\/2024\/12\/Sin-titulo-1-Recuperado-35-300x169.png",300,169,true],"large":["https:\/\/elconquistadorredloslagos.cl\/test\/wp-content\/uploads\/2024\/12\/Sin-titulo-1-Recuperado-35-1024x576.png",1024,576,true],"1536x1536":["https:\/\/elconquistadorredloslagos.cl\/test\/wp-content\/uploads\/2024\/12\/Sin-titulo-1-Recuperado-35-1536x864.png",1536,864,true],"2048x2048":["https:\/\/elconquistadorredloslagos.cl\/test\/wp-content\/uploads\/2024\/12\/Sin-titulo-1-Recuperado-35.png",1920,1080,false]},"rttpg_author":{"display_name":"ccardenas","author_link":"https:\/\/elconquistadorredloslagos.cl\/test\/blog\/author\/ccardenas\/"},"rttpg_comment":0,"rttpg_category":"<a href=\"https:\/\/elconquistadorredloslagos.cl\/test\/blog\/category\/actual\/acontecer\/\" rel=\"category tag\">Acontecer<\/a> <a href=\"https:\/\/elconquistadorredloslagos.cl\/test\/blog\/category\/actual\/\" rel=\"category tag\">Actualidad<\/a>","rttpg_excerpt":"En audiencia ante el Juzgado de Garant\u00eda de Castro, el Ministerio P\u00fablico decret\u00f3 prisi\u00f3n preventiva para un sujeto formalizado por el delito de femicidio en car\u00e1cter de frustrado. El hecho..","_links":{"self":[{"href":"https:\/\/elconquistadorredloslagos.cl\/test\/wp-json\/wp\/v2\/posts\/5978","targetHints":{"allow":["GET"]}}],"collection":[{"href":"https:\/\/elconquistadorredloslagos.cl\/test\/wp-json\/wp\/v2\/posts"}],"about":[{"href":"https:\/\/elconquistadorredloslagos.cl\/test\/wp-json\/wp\/v2\/types\/post"}],"author":[{"embeddable":true,"href":"https:\/\/elconquistadorredloslagos.cl\/test\/wp-json\/wp\/v2\/users\/2"}],"replies":[{"embeddable":true,"href":"https:\/\/elconquistadorredloslagos.cl\/test\/wp-json\/wp\/v2\/comments?post=5978"}],"version-history":[{"count":1,"href":"https:\/\/elconquistadorredloslagos.cl\/test\/wp-json\/wp\/v2\/posts\/5978\/revisions"}],"predecessor-version":[{"id":5981,"href":"https:\/\/elconquistadorredloslagos.cl\/test\/wp-json\/wp\/v2\/posts\/5978\/revisions\/5981"}],"wp:featuredmedia":[{"embeddable":true,"href":"https:\/\/elconquistadorredloslagos.cl\/test\/wp-json\/wp\/v2\/media\/5980"}],"wp:attachment":[{"href":"https:\/\/elconquistadorredloslagos.cl\/test\/wp-json\/wp\/v2\/media?parent=5978"}],"wp:term":[{"taxonomy":"category","embeddable":true,"href":"https:\/\/elconquistadorredloslagos.cl\/test\/wp-json\/wp\/v2\/categories?post=5978"},{"taxonomy":"post_tag","embeddable":true,"href":"https:\/\/elconquistadorredloslagos.cl\/test\/wp-json\/wp\/v2\/tags?post=5978"}],"curies":[{"name":"wp","href":"https:\/\/api.w.org\/{rel}","templated":true}]}}