{"id":5958,"date":"2024-12-26T11:39:11","date_gmt":"2024-12-26T14:39:11","guid":{"rendered":"https:\/\/elconquistadorredloslagos.cl\/test\/?p=5958"},"modified":"2024-12-26T11:44:10","modified_gmt":"2024-12-26T14:44:10","slug":"recomendaciones-sobre-que-hacer-y-como-prevenir-los-incendios-forestales","status":"publish","type":"post","link":"https:\/\/elconquistadorredloslagos.cl\/test\/blog\/2024\/12\/26\/recomendaciones-sobre-que-hacer-y-como-prevenir-los-incendios-forestales\/","title":{"rendered":"Recomendaciones sobre qu\u00e9 hacer y c\u00f3mo prevenir los incendios forestales"},"content":{"rendered":"\n<p> <p class=\"MsoNormal\"><span lang=\"es\">Con la llegada del verano, las temperaturas en el pa\u00eds comienzan a elevarse, generando condiciones c\u00e1lidas y secas para las pr\u00f3ximas semanas tal como lo confirma el \u00faltimo Informe Trimestral de la Direcci\u00f3n Meteorol\u00f3gica de Chile (2024). Esto, sumado a vientos intensos, favorecen la propagaci\u00f3n de fuegos en \u00e1reas naturales e incluso extendi\u00e9ndose a ciudades. Es as\u00ed que, desde el mes de octubre y hasta marzo del pr\u00f3ximo a\u00f1o, SENAPRED ha decretado alerta temprana preventiva debido a que se presentan condiciones favorables para su ocurrencia.<\/span><\/p> <span style=\"font-size: revert;color: initial\">CONAF adem\u00e1s activ\u00f3 esta semana el \u00abbot\u00f3n rojo\u00bb en 51 comunas, extendidas desde la regi\u00f3n de Valpara\u00edso hasta el Maule, herramienta que se suma al \u201cVisor Chile Preparado\u201d de SENAPRED que permite identificar las zonas con mayor vulnerabilidad a la propagaci\u00f3n de incendios forestales.<\/span> <p class=\"MsoNormal\"><span lang=\"es\">Si bien la Unidad de An\u00e1lisis y Diagn\u00f3stico (UAD). CONAF se\u00f1ala que el 28% de los incendios son intencionales, indica adem\u00e1s que el 64%, se debe a acciones negligentes por lo tanto prevenibles. La presencia de botellas de vidrio en zonas de pastizales, fogatas encendidas en lugares no permitidos, colillas de cigarro mal apagadas y el derrame de bencina en los bosques son acciones humanas comunes que representan un grave riesgo para el entorno natural. Estas pr\u00e1cticas, muchas veces inadvertidas, pueden desencadenar incendios devastadores, los cuales, si se previenen adecuadamente, podr\u00edan evitar desastres de gran magnitud.<\/span><\/p><\/p>\n\n\n\n<p><strong>\u00bfQu\u00e9 hacer en caso de un incendio forestal?<\/strong><\/p>\n\n\n\n<p>Al ver humo o fuego en zonas de vegetaci\u00f3n, avisar a: Conaf -130; Bomberos &#8211; 132; Carabineros &#8211; 133 PDI -134<\/p>\n\n\n\n<p> <\/p>\n","protected":false},"excerpt":{"rendered":"<p>Con la llegada del verano, las temperaturas en el pa\u00eds comienzan a elevarse, generando condiciones c\u00e1lidas y secas para las pr\u00f3ximas semanas tal como lo confirma el \u00faltimo Informe Trimestral..<\/p>\n","protected":false},"author":2,"featured_media":5959,"comment_status":"closed","ping_status":"open","sticky":false,"template":"","format":"standard","meta":{"footnotes":""},"categories":[1,28],"tags":[],"class_list":["post-5958","post","type-post","status-publish","format-standard","has-post-thumbnail","hentry","category-acontecer","category-actual"],"rttpg_featured_image_url":{"full":["https:\/\/elconquistadorredloslagos.cl\/test\/wp-content\/uploads\/2024\/12\/Sin-titulo-1-Recuperado-Recuperado-1.png",1920,1080,false],"landscape":["https:\/\/elconquistadorredloslagos.cl\/test\/wp-content\/uploads\/2024\/12\/Sin-titulo-1-Recuperado-Recuperado-1.png",1920,1080,false],"portraits":["https:\/\/elconquistadorredloslagos.cl\/test\/wp-content\/uploads\/2024\/12\/Sin-titulo-1-Recuperado-Recuperado-1.png",1920,1080,false],"thumbnail":["https:\/\/elconquistadorredloslagos.cl\/test\/wp-content\/uploads\/2024\/12\/Sin-titulo-1-Recuperado-Recuperado-1-150x150.png",150,150,true],"medium":["https:\/\/elconquistadorredloslagos.cl\/test\/wp-content\/uploads\/2024\/12\/Sin-titulo-1-Recuperado-Recuperado-1-300x169.png",300,169,true],"large":["https:\/\/elconquistadorredloslagos.cl\/test\/wp-content\/uploads\/2024\/12\/Sin-titulo-1-Recuperado-Recuperado-1-1024x576.png",1024,576,true],"1536x1536":["https:\/\/elconquistadorredloslagos.cl\/test\/wp-content\/uploads\/2024\/12\/Sin-titulo-1-Recuperado-Recuperado-1-1536x864.png",1536,864,true],"2048x2048":["https:\/\/elconquistadorredloslagos.cl\/test\/wp-content\/uploads\/2024\/12\/Sin-titulo-1-Recuperado-Recuperado-1.png",1920,1080,false]},"rttpg_author":{"display_name":"ccardenas","author_link":"https:\/\/elconquistadorredloslagos.cl\/test\/blog\/author\/ccardenas\/"},"rttpg_comment":0,"rttpg_category":"<a href=\"https:\/\/elconquistadorredloslagos.cl\/test\/blog\/category\/actual\/acontecer\/\" rel=\"category tag\">Acontecer<\/a> <a href=\"https:\/\/elconquistadorredloslagos.cl\/test\/blog\/category\/actual\/\" rel=\"category tag\">Actualidad<\/a>","rttpg_excerpt":"Con la llegada del verano, las temperaturas en el pa\u00eds comienzan a elevarse, generando condiciones c\u00e1lidas y secas para las pr\u00f3ximas semanas tal como lo confirma el \u00faltimo Informe Trimestral..","_links":{"self":[{"href":"https:\/\/elconquistadorredloslagos.cl\/test\/wp-json\/wp\/v2\/posts\/5958","targetHints":{"allow":["GET"]}}],"collection":[{"href":"https:\/\/elconquistadorredloslagos.cl\/test\/wp-json\/wp\/v2\/posts"}],"about":[{"href":"https:\/\/elconquistadorredloslagos.cl\/test\/wp-json\/wp\/v2\/types\/post"}],"author":[{"embeddable":true,"href":"https:\/\/elconquistadorredloslagos.cl\/test\/wp-json\/wp\/v2\/users\/2"}],"replies":[{"embeddable":true,"href":"https:\/\/elconquistadorredloslagos.cl\/test\/wp-json\/wp\/v2\/comments?post=5958"}],"version-history":[{"count":2,"href":"https:\/\/elconquistadorredloslagos.cl\/test\/wp-json\/wp\/v2\/posts\/5958\/revisions"}],"predecessor-version":[{"id":5961,"href":"https:\/\/elconquistadorredloslagos.cl\/test\/wp-json\/wp\/v2\/posts\/5958\/revisions\/5961"}],"wp:featuredmedia":[{"embeddable":true,"href":"https:\/\/elconquistadorredloslagos.cl\/test\/wp-json\/wp\/v2\/media\/5959"}],"wp:attachment":[{"href":"https:\/\/elconquistadorredloslagos.cl\/test\/wp-json\/wp\/v2\/media?parent=5958"}],"wp:term":[{"taxonomy":"category","embeddable":true,"href":"https:\/\/elconquistadorredloslagos.cl\/test\/wp-json\/wp\/v2\/categories?post=5958"},{"taxonomy":"post_tag","embeddable":true,"href":"https:\/\/elconquistadorredloslagos.cl\/test\/wp-json\/wp\/v2\/tags?post=5958"}],"curies":[{"name":"wp","href":"https:\/\/api.w.org\/{rel}","templated":true}]}}