{"id":5955,"date":"2024-12-26T11:33:19","date_gmt":"2024-12-26T14:33:19","guid":{"rendered":"https:\/\/elconquistadorredloslagos.cl\/test\/?p=5955"},"modified":"2024-12-26T11:33:19","modified_gmt":"2024-12-26T14:33:19","slug":"sorprende-varazon-de-langostinos-en-playa-de-calbuco","status":"publish","type":"post","link":"https:\/\/elconquistadorredloslagos.cl\/test\/blog\/2024\/12\/26\/sorprende-varazon-de-langostinos-en-playa-de-calbuco\/","title":{"rendered":"Sorprende varaz\u00f3n de langostinos en playa de Calbuco"},"content":{"rendered":"\n<p>Vecinos de la ciudad de Calbuco, manifestaron su preocupaci\u00f3n por un inusual varamiento de langostinos de color rojo, a orillas de la playa del sector La Vega.<\/p>\n\n\n\n<p>El fen\u00f3meno no provoc\u00f3 alg\u00fan tipo de emergencia ambiental, como malos olores, entre otros. No obstante, el intenso tono rojizo gener\u00f3 la inquietud de la comunidad, ocupando m\u00e1s de 20 metros de orilla.<\/p>\n\n\n\n<p>Entre los factores que provocaron la masiva varaz\u00f3n de estos crust\u00e1ceos, pudo haber incidido las altas temperaturas que por estos d\u00edas se sienten en la regi\u00f3n de Los Lagos.<\/p>\n\n\n\n<p>La situaci\u00f3n fue informada a Sernapesca de Calbuco, adem\u00e1s del departamento de medioambiente del municipio.<\/p>\n","protected":false},"excerpt":{"rendered":"<p>Vecinos de la ciudad de Calbuco, manifestaron su preocupaci\u00f3n por un inusual varamiento de langostinos de color rojo, a orillas de la playa del sector La Vega. El fen\u00f3meno no..<\/p>\n","protected":false},"author":2,"featured_media":5956,"comment_status":"closed","ping_status":"open","sticky":false,"template":"","format":"standard","meta":{"footnotes":""},"categories":[1,28],"tags":[],"class_list":["post-5955","post","type-post","status-publish","format-standard","has-post-thumbnail","hentry","category-acontecer","category-actual"],"rttpg_featured_image_url":{"full":["https:\/\/elconquistadorredloslagos.cl\/test\/wp-content\/uploads\/2024\/12\/Sin-titulo-1-Recuperado-Recuperado.png",1920,1080,false],"landscape":["https:\/\/elconquistadorredloslagos.cl\/test\/wp-content\/uploads\/2024\/12\/Sin-titulo-1-Recuperado-Recuperado.png",1920,1080,false],"portraits":["https:\/\/elconquistadorredloslagos.cl\/test\/wp-content\/uploads\/2024\/12\/Sin-titulo-1-Recuperado-Recuperado.png",1920,1080,false],"thumbnail":["https:\/\/elconquistadorredloslagos.cl\/test\/wp-content\/uploads\/2024\/12\/Sin-titulo-1-Recuperado-Recuperado-150x150.png",150,150,true],"medium":["https:\/\/elconquistadorredloslagos.cl\/test\/wp-content\/uploads\/2024\/12\/Sin-titulo-1-Recuperado-Recuperado-300x169.png",300,169,true],"large":["https:\/\/elconquistadorredloslagos.cl\/test\/wp-content\/uploads\/2024\/12\/Sin-titulo-1-Recuperado-Recuperado-1024x576.png",1024,576,true],"1536x1536":["https:\/\/elconquistadorredloslagos.cl\/test\/wp-content\/uploads\/2024\/12\/Sin-titulo-1-Recuperado-Recuperado-1536x864.png",1536,864,true],"2048x2048":["https:\/\/elconquistadorredloslagos.cl\/test\/wp-content\/uploads\/2024\/12\/Sin-titulo-1-Recuperado-Recuperado.png",1920,1080,false]},"rttpg_author":{"display_name":"ccardenas","author_link":"https:\/\/elconquistadorredloslagos.cl\/test\/blog\/author\/ccardenas\/"},"rttpg_comment":0,"rttpg_category":"<a href=\"https:\/\/elconquistadorredloslagos.cl\/test\/blog\/category\/actual\/acontecer\/\" rel=\"category tag\">Acontecer<\/a> <a href=\"https:\/\/elconquistadorredloslagos.cl\/test\/blog\/category\/actual\/\" rel=\"category tag\">Actualidad<\/a>","rttpg_excerpt":"Vecinos de la ciudad de Calbuco, manifestaron su preocupaci\u00f3n por un inusual varamiento de langostinos de color rojo, a orillas de la playa del sector La Vega. El fen\u00f3meno no..","_links":{"self":[{"href":"https:\/\/elconquistadorredloslagos.cl\/test\/wp-json\/wp\/v2\/posts\/5955","targetHints":{"allow":["GET"]}}],"collection":[{"href":"https:\/\/elconquistadorredloslagos.cl\/test\/wp-json\/wp\/v2\/posts"}],"about":[{"href":"https:\/\/elconquistadorredloslagos.cl\/test\/wp-json\/wp\/v2\/types\/post"}],"author":[{"embeddable":true,"href":"https:\/\/elconquistadorredloslagos.cl\/test\/wp-json\/wp\/v2\/users\/2"}],"replies":[{"embeddable":true,"href":"https:\/\/elconquistadorredloslagos.cl\/test\/wp-json\/wp\/v2\/comments?post=5955"}],"version-history":[{"count":1,"href":"https:\/\/elconquistadorredloslagos.cl\/test\/wp-json\/wp\/v2\/posts\/5955\/revisions"}],"predecessor-version":[{"id":5957,"href":"https:\/\/elconquistadorredloslagos.cl\/test\/wp-json\/wp\/v2\/posts\/5955\/revisions\/5957"}],"wp:featuredmedia":[{"embeddable":true,"href":"https:\/\/elconquistadorredloslagos.cl\/test\/wp-json\/wp\/v2\/media\/5956"}],"wp:attachment":[{"href":"https:\/\/elconquistadorredloslagos.cl\/test\/wp-json\/wp\/v2\/media?parent=5955"}],"wp:term":[{"taxonomy":"category","embeddable":true,"href":"https:\/\/elconquistadorredloslagos.cl\/test\/wp-json\/wp\/v2\/categories?post=5955"},{"taxonomy":"post_tag","embeddable":true,"href":"https:\/\/elconquistadorredloslagos.cl\/test\/wp-json\/wp\/v2\/tags?post=5955"}],"curies":[{"name":"wp","href":"https:\/\/api.w.org\/{rel}","templated":true}]}}