{"id":5951,"date":"2024-12-24T14:52:42","date_gmt":"2024-12-24T17:52:42","guid":{"rendered":"https:\/\/elconquistadorredloslagos.cl\/test\/?p=5951"},"modified":"2024-12-24T14:52:42","modified_gmt":"2024-12-24T17:52:42","slug":"hospital-de-castro-insta-a-hacer-buen-uso-de-la-red-de-urgencias-en-fin-de-ano-ante-un-moderado-aumento-en-casos-respiratorios","status":"publish","type":"post","link":"https:\/\/elconquistadorredloslagos.cl\/test\/blog\/2024\/12\/24\/hospital-de-castro-insta-a-hacer-buen-uso-de-la-red-de-urgencias-en-fin-de-ano-ante-un-moderado-aumento-en-casos-respiratorios\/","title":{"rendered":"Hospital de Castro insta a hacer buen uso de la Red de Urgencias en fin de a\u00f1o ante un moderado aumento en casos respiratorios"},"content":{"rendered":"\n<p>Ante la llegada de las fiestas de navidad y fin de a\u00f1o, desde el Hospital de Castro se reiter\u00f3 el llamado a la comunidad chilota a tomar acciones preventivas y hacer buen uso de la red asistencial del Archipi\u00e9lago, ello de cara tambi\u00e9n a un leve pero inusitado aumento de casos respiratorios en los dispositivos de Urgencias provinciales, entre los que se encuentra un alza en pacientes con diagn\u00f3stico positivo en Covid-19.<\/p>\n\n\n\n<p>El m\u00e9dico jefe del Centro de Responsabilidad de Atenci\u00f3n Cerrada del Hospital de Castro, doctor Diego Gamboa, inform\u00f3 en torno a este contexto que \u201cnos encontramos actualmente con una ocupaci\u00f3n del Hospital en sus camas de cuidados medios cercano al 98 por ciento, y sobre el 90 por ciento en sus camas de cuidados intermedios tambi\u00e9n. Esta ocupaci\u00f3n se ha acompa\u00f1ado de un alza en el nivel de consulta de patolog\u00eda respiratoria con pacientes que han dado positivo para Covid. Por ende, para evitar esta congesti\u00f3n de la red, las recomendaciones son las que ten\u00edamos en la pandemia, de evitar aglomeraciones frente a s\u00edntomas respiratorios, evitar estar en espacios cerrados con m\u00e1s usuarios que se puedan contagiar, el uso de la mascarilla, el lavado de manos y uso del alcohol gel siempre son una medida preventiva en patolog\u00edas respiratorias. El llamado es a retomarlas y a mantenerlas para poder evitar contagios que puedan ir escalando en el n\u00famero\u201d.<\/p>\n\n\n\n<p>Ante este panorama, en la antesala de los feriados de fin de a\u00f1o, el doctor Gamboa enfatiz\u00f3 que \u201cesto obviamente se traduce en que como equipo directivo del Hospital de Castro hacemos un llamado a la comunidad y a nuestros usuarios a hacer un buen uso de la red asistencial en estas fiestas, a celebrar con responsabilidad, a conducir con responsabilidad. Es frecuente que en estas fechas tengamos aumento en el n\u00famero de accidentes vehiculares que se traducen finalmente en mayores sobrecargas en Urgencias. Esto aumenta los tiempos de espera y, por ende, el llamado a la comunidad es a hacer uso del SAR de Castro, que resuelve con muy alta eficiencia las consultas de leve y de moderada gravedad, dejando para el Hospital de Castro las consultas de pacientes m\u00e1s complejos o que tengan una gravedad que atenten con su vida de forma inminente\u201d.<\/p>\n","protected":false},"excerpt":{"rendered":"<p>Ante la llegada de las fiestas de navidad y fin de a\u00f1o, desde el Hospital de Castro se reiter\u00f3 el llamado a la comunidad chilota a tomar acciones preventivas y..<\/p>\n","protected":false},"author":2,"featured_media":5953,"comment_status":"closed","ping_status":"open","sticky":false,"template":"","format":"standard","meta":{"footnotes":""},"categories":[1,28],"tags":[],"class_list":["post-5951","post","type-post","status-publish","format-standard","has-post-thumbnail","hentry","category-acontecer","category-actual"],"rttpg_featured_image_url":{"full":["https:\/\/elconquistadorredloslagos.cl\/test\/wp-content\/uploads\/2024\/12\/Sin-titulo-1-93.png",1920,1080,false],"landscape":["https:\/\/elconquistadorredloslagos.cl\/test\/wp-content\/uploads\/2024\/12\/Sin-titulo-1-93.png",1920,1080,false],"portraits":["https:\/\/elconquistadorredloslagos.cl\/test\/wp-content\/uploads\/2024\/12\/Sin-titulo-1-93.png",1920,1080,false],"thumbnail":["https:\/\/elconquistadorredloslagos.cl\/test\/wp-content\/uploads\/2024\/12\/Sin-titulo-1-93-150x150.png",150,150,true],"medium":["https:\/\/elconquistadorredloslagos.cl\/test\/wp-content\/uploads\/2024\/12\/Sin-titulo-1-93-300x169.png",300,169,true],"large":["https:\/\/elconquistadorredloslagos.cl\/test\/wp-content\/uploads\/2024\/12\/Sin-titulo-1-93-1024x576.png",1024,576,true],"1536x1536":["https:\/\/elconquistadorredloslagos.cl\/test\/wp-content\/uploads\/2024\/12\/Sin-titulo-1-93-1536x864.png",1536,864,true],"2048x2048":["https:\/\/elconquistadorredloslagos.cl\/test\/wp-content\/uploads\/2024\/12\/Sin-titulo-1-93.png",1920,1080,false]},"rttpg_author":{"display_name":"ccardenas","author_link":"https:\/\/elconquistadorredloslagos.cl\/test\/blog\/author\/ccardenas\/"},"rttpg_comment":0,"rttpg_category":"<a href=\"https:\/\/elconquistadorredloslagos.cl\/test\/blog\/category\/actual\/acontecer\/\" rel=\"category tag\">Acontecer<\/a> <a href=\"https:\/\/elconquistadorredloslagos.cl\/test\/blog\/category\/actual\/\" rel=\"category tag\">Actualidad<\/a>","rttpg_excerpt":"Ante la llegada de las fiestas de navidad y fin de a\u00f1o, desde el Hospital de Castro se reiter\u00f3 el llamado a la comunidad chilota a tomar acciones preventivas y..","_links":{"self":[{"href":"https:\/\/elconquistadorredloslagos.cl\/test\/wp-json\/wp\/v2\/posts\/5951","targetHints":{"allow":["GET"]}}],"collection":[{"href":"https:\/\/elconquistadorredloslagos.cl\/test\/wp-json\/wp\/v2\/posts"}],"about":[{"href":"https:\/\/elconquistadorredloslagos.cl\/test\/wp-json\/wp\/v2\/types\/post"}],"author":[{"embeddable":true,"href":"https:\/\/elconquistadorredloslagos.cl\/test\/wp-json\/wp\/v2\/users\/2"}],"replies":[{"embeddable":true,"href":"https:\/\/elconquistadorredloslagos.cl\/test\/wp-json\/wp\/v2\/comments?post=5951"}],"version-history":[{"count":1,"href":"https:\/\/elconquistadorredloslagos.cl\/test\/wp-json\/wp\/v2\/posts\/5951\/revisions"}],"predecessor-version":[{"id":5954,"href":"https:\/\/elconquistadorredloslagos.cl\/test\/wp-json\/wp\/v2\/posts\/5951\/revisions\/5954"}],"wp:featuredmedia":[{"embeddable":true,"href":"https:\/\/elconquistadorredloslagos.cl\/test\/wp-json\/wp\/v2\/media\/5953"}],"wp:attachment":[{"href":"https:\/\/elconquistadorredloslagos.cl\/test\/wp-json\/wp\/v2\/media?parent=5951"}],"wp:term":[{"taxonomy":"category","embeddable":true,"href":"https:\/\/elconquistadorredloslagos.cl\/test\/wp-json\/wp\/v2\/categories?post=5951"},{"taxonomy":"post_tag","embeddable":true,"href":"https:\/\/elconquistadorredloslagos.cl\/test\/wp-json\/wp\/v2\/tags?post=5951"}],"curies":[{"name":"wp","href":"https:\/\/api.w.org\/{rel}","templated":true}]}}