{"id":5943,"date":"2024-12-24T14:40:24","date_gmt":"2024-12-24T17:40:24","guid":{"rendered":"https:\/\/elconquistadorredloslagos.cl\/test\/?p=5943"},"modified":"2024-12-24T14:44:18","modified_gmt":"2024-12-24T17:44:18","slug":"servicio-de-salud-chiloe-presento-evaluacion-ambiental-la-dia-del-proyecto-hospital-comunitario-del-archipielago-de-quinchao","status":"publish","type":"post","link":"https:\/\/elconquistadorredloslagos.cl\/test\/blog\/2024\/12\/24\/servicio-de-salud-chiloe-presento-evaluacion-ambiental-la-dia-del-proyecto-hospital-comunitario-del-archipielago-de-quinchao\/","title":{"rendered":"Servicio de Salud Chilo\u00e9 present\u00f3 a Evaluaci\u00f3n Ambiental la DIA del proyecto \u201cHospital Comunitario del Archipi\u00e9lago de Quinchao\u201d"},"content":{"rendered":"\n<p>Cumpliendo con lo dispuesto en el art\u00edculo 30 de la Ley N\u00b0 19.300, sobre Bases Generales del Medio Ambiente, y en el art\u00edculo 87 del D.S. N\u00b040, de 30 de octubre de 2012, del Reglamento del Sistema de Evaluaci\u00f3n de Impacto Ambiental, el Servicio de Salud Chilo\u00e9 present\u00f3 al Servicio de Evaluaci\u00f3n Ambiental, la Declaraci\u00f3n de Impacto Ambiental (DIA) del proyecto \u00abHospital Comunitario del Archipi\u00e9lago de Quinchao\u00bb.<\/p>\n\n\n\n<p>As\u00ed lo dio a conocer la directora de la instituci\u00f3n, Marcela C\u00e1rcamo, quien destac\u00f3 que el nuevo hospital comunitario de Quinchao, corresponde a un establecimiento de salud de baja complejidad, que beneficiar\u00e1 a los 12.635 habitantes del archipi\u00e9lago de Quinchao, que incluye las comunas de Quinchao, Curaco de V\u00e9lez e Islas Desertores de la comuna de Chait\u00e9n.<\/p>\n\n\n\n<figure class=\"wp-block-audio\"><audio controls src=\"https:\/\/elconquistadorredloslagos.cl\/test\/wp-content\/uploads\/2024\/12\/CUNA-MARCELA-CARCAMO-2.mp3\"><\/audio><\/figure>\n\n\n\n<p>La infraestructura del actual recinto data de 1958, lo que fue considerado y analizado junto a otros antecedentes presentados tanto por el Hospital de Achao como por el Servicio de Salud Chilo\u00e9 para recibir la Recomendaci\u00f3n Satisfactoria (RS) por parte del Ministerio de Desarrollo Social y Familia para la etapa de dise\u00f1o y compra del terreno, este \u00faltimo con financiamiento del Gobierno Regional de Los Lagos.<\/p>\n\n\n\n<p>FOTO: Maqueta virtual del proyecto<\/p>\n","protected":false},"excerpt":{"rendered":"<p>Cumpliendo con lo dispuesto en el art\u00edculo 30 de la Ley N\u00b0 19.300, sobre Bases Generales del Medio Ambiente, y en el art\u00edculo 87 del D.S. N\u00b040, de 30 de..<\/p>\n","protected":false},"author":2,"featured_media":5945,"comment_status":"closed","ping_status":"open","sticky":false,"template":"","format":"standard","meta":{"footnotes":""},"categories":[1,28],"tags":[],"class_list":["post-5943","post","type-post","status-publish","format-standard","has-post-thumbnail","hentry","category-acontecer","category-actual"],"rttpg_featured_image_url":{"full":["https:\/\/elconquistadorredloslagos.cl\/test\/wp-content\/uploads\/2024\/12\/Sin-titulo-1-92.png",1920,1080,false],"landscape":["https:\/\/elconquistadorredloslagos.cl\/test\/wp-content\/uploads\/2024\/12\/Sin-titulo-1-92.png",1920,1080,false],"portraits":["https:\/\/elconquistadorredloslagos.cl\/test\/wp-content\/uploads\/2024\/12\/Sin-titulo-1-92.png",1920,1080,false],"thumbnail":["https:\/\/elconquistadorredloslagos.cl\/test\/wp-content\/uploads\/2024\/12\/Sin-titulo-1-92-150x150.png",150,150,true],"medium":["https:\/\/elconquistadorredloslagos.cl\/test\/wp-content\/uploads\/2024\/12\/Sin-titulo-1-92-300x169.png",300,169,true],"large":["https:\/\/elconquistadorredloslagos.cl\/test\/wp-content\/uploads\/2024\/12\/Sin-titulo-1-92-1024x576.png",1024,576,true],"1536x1536":["https:\/\/elconquistadorredloslagos.cl\/test\/wp-content\/uploads\/2024\/12\/Sin-titulo-1-92-1536x864.png",1536,864,true],"2048x2048":["https:\/\/elconquistadorredloslagos.cl\/test\/wp-content\/uploads\/2024\/12\/Sin-titulo-1-92.png",1920,1080,false]},"rttpg_author":{"display_name":"ccardenas","author_link":"https:\/\/elconquistadorredloslagos.cl\/test\/blog\/author\/ccardenas\/"},"rttpg_comment":0,"rttpg_category":"<a href=\"https:\/\/elconquistadorredloslagos.cl\/test\/blog\/category\/actual\/acontecer\/\" rel=\"category tag\">Acontecer<\/a> <a href=\"https:\/\/elconquistadorredloslagos.cl\/test\/blog\/category\/actual\/\" rel=\"category tag\">Actualidad<\/a>","rttpg_excerpt":"Cumpliendo con lo dispuesto en el art\u00edculo 30 de la Ley N\u00b0 19.300, sobre Bases Generales del Medio Ambiente, y en el art\u00edculo 87 del D.S. N\u00b040, de 30 de..","_links":{"self":[{"href":"https:\/\/elconquistadorredloslagos.cl\/test\/wp-json\/wp\/v2\/posts\/5943","targetHints":{"allow":["GET"]}}],"collection":[{"href":"https:\/\/elconquistadorredloslagos.cl\/test\/wp-json\/wp\/v2\/posts"}],"about":[{"href":"https:\/\/elconquistadorredloslagos.cl\/test\/wp-json\/wp\/v2\/types\/post"}],"author":[{"embeddable":true,"href":"https:\/\/elconquistadorredloslagos.cl\/test\/wp-json\/wp\/v2\/users\/2"}],"replies":[{"embeddable":true,"href":"https:\/\/elconquistadorredloslagos.cl\/test\/wp-json\/wp\/v2\/comments?post=5943"}],"version-history":[{"count":3,"href":"https:\/\/elconquistadorredloslagos.cl\/test\/wp-json\/wp\/v2\/posts\/5943\/revisions"}],"predecessor-version":[{"id":5949,"href":"https:\/\/elconquistadorredloslagos.cl\/test\/wp-json\/wp\/v2\/posts\/5943\/revisions\/5949"}],"wp:featuredmedia":[{"embeddable":true,"href":"https:\/\/elconquistadorredloslagos.cl\/test\/wp-json\/wp\/v2\/media\/5945"}],"wp:attachment":[{"href":"https:\/\/elconquistadorredloslagos.cl\/test\/wp-json\/wp\/v2\/media?parent=5943"}],"wp:term":[{"taxonomy":"category","embeddable":true,"href":"https:\/\/elconquistadorredloslagos.cl\/test\/wp-json\/wp\/v2\/categories?post=5943"},{"taxonomy":"post_tag","embeddable":true,"href":"https:\/\/elconquistadorredloslagos.cl\/test\/wp-json\/wp\/v2\/tags?post=5943"}],"curies":[{"name":"wp","href":"https:\/\/api.w.org\/{rel}","templated":true}]}}