{"id":5407,"date":"2024-12-06T23:08:55","date_gmt":"2024-12-07T02:08:55","guid":{"rendered":"https:\/\/elconquistadorredloslagos.cl\/test\/?p=5407"},"modified":"2024-12-06T23:31:48","modified_gmt":"2024-12-07T02:31:48","slug":"despues-de-70-anos-la-derecha-tiene-un-alcalde-en-puerto-montt-rodrigo-wainraihgt-asumio-este-viernes-el-mando-comunal","status":"publish","type":"post","link":"https:\/\/elconquistadorredloslagos.cl\/test\/blog\/2024\/12\/06\/despues-de-70-anos-la-derecha-tiene-un-alcalde-en-puerto-montt-rodrigo-wainraihgt-asumio-este-viernes-el-mando-comunal\/","title":{"rendered":"Despu\u00e9s de 70 a\u00f1os la derecha tiene un alcalde en Puerto Montt: Rodrigo Wainraihgt asumi\u00f3 este viernes el mando comunal"},"content":{"rendered":"\n<h5 class=\"wp-block-heading\"><em>Junto a el juraron los diez nuevos concejales y concejalas de la comuna; Wainraihgt<\/em> (RN)<em> agradeci\u00f3 a quienes votaron por \u00e9l y prometi\u00f3  trabajo y transparencia<\/em>.<\/h5>\n\n\n\n<p>En el teatro municipal Diego Rivera de este viernes 06 de diciembre Rodrigo Wainraight asumi\u00f3 como el nuevo alcalde de Puerto Montt, donde fue acompa\u00f1ado junto a los concejales que trabajar\u00e1n a su lado en este periodo alcaldicio.<\/p>\n\n\n\n<p>Cabe recordar que el nuevo concejo municipal estar\u00e1 conformado por: Evelyn Chavez (FA), Yerco Rodr\u00edguez (UDI) y Fernando Binder (ind. pro UDI), fueron quienes consiguieron ser reelegidos para un nuevo periodo de cuatro a\u00f1os; mientras los nuevos rostros son B\u00e1rbara C\u00e1ceres (PL), Ver\u00f3nica C\u00e1rdenas (RN), Sebasti\u00e1n Almonacid (PS), B\u00e1rbara \u00c1lvarez (PPD), Mirta Vega (Rep.), Monserrat Muller (Rep.) y Jos\u00e9 Segura (RN), quien ya hab\u00eda sido concejal en periodos anteriores y en esta ocasi\u00f3n consigui\u00f3 la primera mayor\u00eda con 6.660 votos.<\/p>\n\n\n\n<p>El Alcalde de la capital regional agradeci\u00f3 a quienes votaron por \u00e9l y prometi\u00f3 trabajo y transparencia: \u201cPrimero agradecimiento, la verdad, por la confianza, por ese apoyo hist\u00f3rico de cerca de 90 mil votos, que signific\u00f3 un 57% y ser uno de los alcaldes m\u00e1s votados de Chile. S\u00e9 que hay una tremenda expectativa, yo les pido paciencia, tranquilidad.<em> Lo que yo les puedo garantizar es que aqu\u00ed va a haber trabajo y transparencia<\/em>, de una manera distinta y de gesti\u00f3n en la municipalidad desde el punto de vista de transparencia y eficiencia. Es que un d\u00eda hist\u00f3rico pas\u00f3 a liderar Puerto Montt, que es la capital regional, y hoy d\u00eda el trabajo se va a concentrar justamente en llevar a Puerto Montt al sitio al que se merece\u201d se\u00f1al\u00f3.<\/p>\n\n\n\n<p>En esta jornada hist\u00f3rica el jefe comunal jur\u00f3 frente a decenas de personas que asistieron al teatro municipal para ver este cambio de mando. Junto al nuevo alcalde tambi\u00e9n se hicieron presente los ediles que forman parte del Concejo Municipal en el periodo 2024-2028.<\/p>\n\n\n\n<p>Por Enzo De la Hoz. Foto Felipe Constanzo.<\/p>\n","protected":false},"excerpt":{"rendered":"<p>Junto a el juraron los diez nuevos concejales y concejalas de la comuna; Wainraihgt (RN) agradeci\u00f3 a quienes votaron por \u00e9l y prometi\u00f3 trabajo y transparencia. En el teatro municipal..<\/p>\n","protected":false},"author":7,"featured_media":5408,"comment_status":"closed","ping_status":"open","sticky":false,"template":"","format":"standard","meta":{"footnotes":""},"categories":[1],"tags":[],"class_list":["post-5407","post","type-post","status-publish","format-standard","has-post-thumbnail","hentry","category-acontecer"],"rttpg_featured_image_url":{"full":["https:\/\/elconquistadorredloslagos.cl\/test\/wp-content\/uploads\/2024\/12\/Rodrigo-Wainraihgt-asumio-este-viernes-el-mando-comunal.png",1920,1080,false],"landscape":["https:\/\/elconquistadorredloslagos.cl\/test\/wp-content\/uploads\/2024\/12\/Rodrigo-Wainraihgt-asumio-este-viernes-el-mando-comunal.png",1920,1080,false],"portraits":["https:\/\/elconquistadorredloslagos.cl\/test\/wp-content\/uploads\/2024\/12\/Rodrigo-Wainraihgt-asumio-este-viernes-el-mando-comunal.png",1920,1080,false],"thumbnail":["https:\/\/elconquistadorredloslagos.cl\/test\/wp-content\/uploads\/2024\/12\/Rodrigo-Wainraihgt-asumio-este-viernes-el-mando-comunal-150x150.png",150,150,true],"medium":["https:\/\/elconquistadorredloslagos.cl\/test\/wp-content\/uploads\/2024\/12\/Rodrigo-Wainraihgt-asumio-este-viernes-el-mando-comunal-300x169.png",300,169,true],"large":["https:\/\/elconquistadorredloslagos.cl\/test\/wp-content\/uploads\/2024\/12\/Rodrigo-Wainraihgt-asumio-este-viernes-el-mando-comunal-1024x576.png",1024,576,true],"1536x1536":["https:\/\/elconquistadorredloslagos.cl\/test\/wp-content\/uploads\/2024\/12\/Rodrigo-Wainraihgt-asumio-este-viernes-el-mando-comunal-1536x864.png",1536,864,true],"2048x2048":["https:\/\/elconquistadorredloslagos.cl\/test\/wp-content\/uploads\/2024\/12\/Rodrigo-Wainraihgt-asumio-este-viernes-el-mando-comunal.png",1920,1080,false]},"rttpg_author":{"display_name":"enzodelahoz1988","author_link":"https:\/\/elconquistadorredloslagos.cl\/test\/blog\/author\/enzodelahoz1988\/"},"rttpg_comment":0,"rttpg_category":"<a href=\"https:\/\/elconquistadorredloslagos.cl\/test\/blog\/category\/actual\/acontecer\/\" rel=\"category tag\">Acontecer<\/a>","rttpg_excerpt":"Junto a el juraron los diez nuevos concejales y concejalas de la comuna; Wainraihgt (RN) agradeci\u00f3 a quienes votaron por \u00e9l y prometi\u00f3 trabajo y transparencia. En el teatro municipal..","_links":{"self":[{"href":"https:\/\/elconquistadorredloslagos.cl\/test\/wp-json\/wp\/v2\/posts\/5407","targetHints":{"allow":["GET"]}}],"collection":[{"href":"https:\/\/elconquistadorredloslagos.cl\/test\/wp-json\/wp\/v2\/posts"}],"about":[{"href":"https:\/\/elconquistadorredloslagos.cl\/test\/wp-json\/wp\/v2\/types\/post"}],"author":[{"embeddable":true,"href":"https:\/\/elconquistadorredloslagos.cl\/test\/wp-json\/wp\/v2\/users\/7"}],"replies":[{"embeddable":true,"href":"https:\/\/elconquistadorredloslagos.cl\/test\/wp-json\/wp\/v2\/comments?post=5407"}],"version-history":[{"count":3,"href":"https:\/\/elconquistadorredloslagos.cl\/test\/wp-json\/wp\/v2\/posts\/5407\/revisions"}],"predecessor-version":[{"id":5411,"href":"https:\/\/elconquistadorredloslagos.cl\/test\/wp-json\/wp\/v2\/posts\/5407\/revisions\/5411"}],"wp:featuredmedia":[{"embeddable":true,"href":"https:\/\/elconquistadorredloslagos.cl\/test\/wp-json\/wp\/v2\/media\/5408"}],"wp:attachment":[{"href":"https:\/\/elconquistadorredloslagos.cl\/test\/wp-json\/wp\/v2\/media?parent=5407"}],"wp:term":[{"taxonomy":"category","embeddable":true,"href":"https:\/\/elconquistadorredloslagos.cl\/test\/wp-json\/wp\/v2\/categories?post=5407"},{"taxonomy":"post_tag","embeddable":true,"href":"https:\/\/elconquistadorredloslagos.cl\/test\/wp-json\/wp\/v2\/tags?post=5407"}],"curies":[{"name":"wp","href":"https:\/\/api.w.org\/{rel}","templated":true}]}}