{"id":5401,"date":"2024-12-06T17:11:08","date_gmt":"2024-12-06T20:11:08","guid":{"rendered":"https:\/\/elconquistadorredloslagos.cl\/test\/?p=5401"},"modified":"2024-12-06T17:11:08","modified_gmt":"2024-12-06T20:11:08","slug":"saesa-inaugura-totem-para-carga-de-celulares-en-cesfam-de-chonchi","status":"publish","type":"post","link":"https:\/\/elconquistadorredloslagos.cl\/test\/blog\/2024\/12\/06\/saesa-inaugura-totem-para-carga-de-celulares-en-cesfam-de-chonchi\/","title":{"rendered":"Saesa inaugura t\u00f3tem para carga de celulares en Cesfam de Chonchi"},"content":{"rendered":"\n<p>Representantes de Saesa se hicieron presentes, esta vez, en la comuna de Chonchi, para hacer entrega del equipo de carga, m\u00e1s espec\u00edficamente al Centro de Salud Familiar de la comuna, donde se inaugur\u00f3 el nuevo t\u00f3tem para cargar tel\u00e9fonos celulares y que beneficiar\u00e1 a toda la comunidad chonchina que vaya al centro asistencial.<\/p>\n\n\n\n<p>Esta iniciativa forma parte del programa de vinculaci\u00f3n denominado \u201cConecta tu Energ\u00eda\u201d, la cual surgi\u00f3 el a\u00f1o 2021 y que tiene como objetivo mantener siempre conectadas a las personas cuando se encuentren al interior de un recinto asistencial de salud.<\/p>\n\n\n\n<p>Dentro de las caracter\u00edsticas del t\u00f3tem, destacan sus 6 casillas para cargar tel\u00e9fonos celulares, las cuales contienen en su interior entradas para los distintos modelos de celulares que se encuentran en el mercado. Adem\u00e1s, tiene un panel de iluminaci\u00f3n y un conector de cables USB con cuatro entradas para conexi\u00f3n directa. El ejecutivo de Saesa, Mauricio Pozas, coment\u00f3 un poco lo vivido en la jornada, destacando la importancia de este aporte.<\/p>\n\n\n\n<figure class=\"wp-block-audio\"><audio controls src=\"https:\/\/elconquistadorredloslagos.cl\/test\/wp-content\/uploads\/2024\/12\/Mauricio-Pozas-Ejecutivo-Saesa-1.mp3\"><\/audio><\/figure>\n\n\n\n<p>Lo anterior fue confirmado por la directora (s) del Cesfam de Chonchi, Pamela Andrade, quien asegur\u00f3 estar muy agradecidos con esta nueva alianza con Saesa.<\/p>\n\n\n\n<figure class=\"wp-block-audio\"><audio controls src=\"https:\/\/elconquistadorredloslagos.cl\/test\/wp-content\/uploads\/2024\/12\/Pamela-Andrade-Directora-s-Cesfam-Chonchi.mp3\"><\/audio><\/figure>\n\n\n\n<p>Finalmente, y representando a las personas en espera de la sala de urgencias, Celina Duamante, usuaria del Cesfam de Chonchi, demostr\u00f3 su gratitud por la donaci\u00f3n.<\/p>\n\n\n\n<figure class=\"wp-block-audio\"><audio controls src=\"https:\/\/elconquistadorredloslagos.cl\/test\/wp-content\/uploads\/2024\/12\/Celina-Duamante-Usuaria-Cesfam-Chonchi.mp3\"><\/audio><\/figure>\n\n\n\n<p>Saesa contin\u00faa comprometida con su labor de servicio a la comunidad y la mejora de la calidad de vida de los habitantes de Chilo\u00e9 a trav\u00e9s de iniciativas como esta, que facilitan la conectividad en los centros de salud y mejoran la experiencia de quienes los visitan.<\/p>\n","protected":false},"excerpt":{"rendered":"<p>Representantes de Saesa se hicieron presentes, esta vez, en la comuna de Chonchi, para hacer entrega del equipo de carga, m\u00e1s espec\u00edficamente al Centro de Salud Familiar de la comuna,..<\/p>\n","protected":false},"author":2,"featured_media":5405,"comment_status":"closed","ping_status":"open","sticky":false,"template":"","format":"standard","meta":{"footnotes":""},"categories":[1,28],"tags":[],"class_list":["post-5401","post","type-post","status-publish","format-standard","has-post-thumbnail","hentry","category-acontecer","category-actual"],"rttpg_featured_image_url":{"full":["https:\/\/elconquistadorredloslagos.cl\/test\/wp-content\/uploads\/2024\/12\/Sin-titulo-1-36.png",1920,1080,false],"landscape":["https:\/\/elconquistadorredloslagos.cl\/test\/wp-content\/uploads\/2024\/12\/Sin-titulo-1-36.png",1920,1080,false],"portraits":["https:\/\/elconquistadorredloslagos.cl\/test\/wp-content\/uploads\/2024\/12\/Sin-titulo-1-36.png",1920,1080,false],"thumbnail":["https:\/\/elconquistadorredloslagos.cl\/test\/wp-content\/uploads\/2024\/12\/Sin-titulo-1-36-150x150.png",150,150,true],"medium":["https:\/\/elconquistadorredloslagos.cl\/test\/wp-content\/uploads\/2024\/12\/Sin-titulo-1-36-300x169.png",300,169,true],"large":["https:\/\/elconquistadorredloslagos.cl\/test\/wp-content\/uploads\/2024\/12\/Sin-titulo-1-36-1024x576.png",1024,576,true],"1536x1536":["https:\/\/elconquistadorredloslagos.cl\/test\/wp-content\/uploads\/2024\/12\/Sin-titulo-1-36-1536x864.png",1536,864,true],"2048x2048":["https:\/\/elconquistadorredloslagos.cl\/test\/wp-content\/uploads\/2024\/12\/Sin-titulo-1-36.png",1920,1080,false]},"rttpg_author":{"display_name":"ccardenas","author_link":"https:\/\/elconquistadorredloslagos.cl\/test\/blog\/author\/ccardenas\/"},"rttpg_comment":0,"rttpg_category":"<a href=\"https:\/\/elconquistadorredloslagos.cl\/test\/blog\/category\/actual\/acontecer\/\" rel=\"category tag\">Acontecer<\/a> <a href=\"https:\/\/elconquistadorredloslagos.cl\/test\/blog\/category\/actual\/\" rel=\"category tag\">Actualidad<\/a>","rttpg_excerpt":"Representantes de Saesa se hicieron presentes, esta vez, en la comuna de Chonchi, para hacer entrega del equipo de carga, m\u00e1s espec\u00edficamente al Centro de Salud Familiar de la comuna,..","_links":{"self":[{"href":"https:\/\/elconquistadorredloslagos.cl\/test\/wp-json\/wp\/v2\/posts\/5401","targetHints":{"allow":["GET"]}}],"collection":[{"href":"https:\/\/elconquistadorredloslagos.cl\/test\/wp-json\/wp\/v2\/posts"}],"about":[{"href":"https:\/\/elconquistadorredloslagos.cl\/test\/wp-json\/wp\/v2\/types\/post"}],"author":[{"embeddable":true,"href":"https:\/\/elconquistadorredloslagos.cl\/test\/wp-json\/wp\/v2\/users\/2"}],"replies":[{"embeddable":true,"href":"https:\/\/elconquistadorredloslagos.cl\/test\/wp-json\/wp\/v2\/comments?post=5401"}],"version-history":[{"count":1,"href":"https:\/\/elconquistadorredloslagos.cl\/test\/wp-json\/wp\/v2\/posts\/5401\/revisions"}],"predecessor-version":[{"id":5406,"href":"https:\/\/elconquistadorredloslagos.cl\/test\/wp-json\/wp\/v2\/posts\/5401\/revisions\/5406"}],"wp:featuredmedia":[{"embeddable":true,"href":"https:\/\/elconquistadorredloslagos.cl\/test\/wp-json\/wp\/v2\/media\/5405"}],"wp:attachment":[{"href":"https:\/\/elconquistadorredloslagos.cl\/test\/wp-json\/wp\/v2\/media?parent=5401"}],"wp:term":[{"taxonomy":"category","embeddable":true,"href":"https:\/\/elconquistadorredloslagos.cl\/test\/wp-json\/wp\/v2\/categories?post=5401"},{"taxonomy":"post_tag","embeddable":true,"href":"https:\/\/elconquistadorredloslagos.cl\/test\/wp-json\/wp\/v2\/tags?post=5401"}],"curies":[{"name":"wp","href":"https:\/\/api.w.org\/{rel}","templated":true}]}}