{"id":5393,"date":"2024-12-06T17:05:46","date_gmt":"2024-12-06T20:05:46","guid":{"rendered":"https:\/\/elconquistadorredloslagos.cl\/test\/?p=5393"},"modified":"2024-12-07T17:38:23","modified_gmt":"2024-12-07T20:38:23","slug":"asumen-nuevos-concejos-municipales-en-las-principales-comuna-de-chiloe","status":"publish","type":"post","link":"https:\/\/elconquistadorredloslagos.cl\/test\/blog\/2024\/12\/06\/asumen-nuevos-concejos-municipales-en-las-principales-comuna-de-chiloe\/","title":{"rendered":"Asumen nuevos concejos municipales en las principales comunas de Chilo\u00e9"},"content":{"rendered":"\n<p>Este viernes los candidatos a alcalde que resultaron electos en las pasadas elecciones de octubre asumieron el mando de sus comunas, cargo que ostentar\u00e1n por un per\u00edodo de cuatro a\u00f1os, finalizando a fines de 2028.<\/p>\n\n\n\n<p>En ese escenario, los alcaldes y concejales electos procedieron a comprometer el juramento de observar cumplir con fidelidad las funciones propias de sus respectivos cargos.<\/p>\n\n\n\n<p>Las ceremonias se desarrollaron en todo el pa\u00eds, y en Chilo\u00e9 destacaron los agradecimientos de los alcaldes que se van y la energ\u00eda y compromisos de los que llegan. As\u00ed como el entusiasmo de los que resultaron reelectos y se mantienen como alcaldes por los pr\u00f3ximos cuatro a\u00f1os.<\/p>\n\n\n\n<p>Este viernes Baltazar Elgueta lleg\u00f3 hasta el Centro Cultural de Castro para hacer el juramento que lo ratifica como nuevo alcalde de la comuna capital insular.<\/p>\n\n\n\n<figure class=\"wp-block-audio\"><audio controls src=\"https:\/\/elconquistadorredloslagos.cl\/test\/wp-content\/uploads\/2024\/12\/BALTAZAR-ELGUETA-1.mp3\"><\/audio><\/figure>\n\n\n\n<p>En su intervenci\u00f3n, el nuevo alcalde asegur\u00f3 que la comunidad deb\u00eda regresar a lo tradicional, dejar el color verde de lado para volver a ser la Ilustre Municipalidad de Castro.<\/p>\n\n\n\n<figure class=\"wp-block-audio\"><audio controls src=\"https:\/\/elconquistadorredloslagos.cl\/test\/wp-content\/uploads\/2024\/12\/BALTAZAR-ELGUETA-3.mp3\"><\/audio><\/figure>\n\n\n\n<p>Asimismo, en Ancud el alcalde electo Andr\u00e9s Ojeda, agradeci\u00f3 a todas las personas que se hicieron presentes, bajo la consigna de que entre todos los actores de la sociedad se debe \u201csacar a la comuna adelante\u201d.<\/p>\n\n\n\n<figure class=\"wp-block-audio\"><audio controls src=\"https:\/\/elconquistadorredloslagos.cl\/test\/wp-content\/uploads\/2024\/12\/ANDRES-OJEDA1.mp3\"><\/audio><\/figure>\n\n\n\n<p>Una de las materias pendientes ser\u00e1 la de poder trabajar con el acotado presupuesto municipal para el a\u00f1o 2025.<\/p>\n\n\n\n<figure class=\"wp-block-audio\"><audio controls src=\"https:\/\/elconquistadorredloslagos.cl\/test\/wp-content\/uploads\/2024\/12\/ANDRES-OJEDA2.mp3\"><\/audio><\/figure>\n\n\n\n<p>Alcaldes electos asumen sus cargos y coinciden en reforzar esfuerzos en materia de crecimiento.<\/p>\n","protected":false},"excerpt":{"rendered":"<p>Este viernes los candidatos a alcalde que resultaron electos en las pasadas elecciones de octubre asumieron el mando de sus comunas, cargo que ostentar\u00e1n por un per\u00edodo de cuatro a\u00f1os,..<\/p>\n","protected":false},"author":2,"featured_media":5398,"comment_status":"closed","ping_status":"open","sticky":false,"template":"","format":"standard","meta":{"footnotes":""},"categories":[1,28],"tags":[],"class_list":["post-5393","post","type-post","status-publish","format-standard","has-post-thumbnail","hentry","category-acontecer","category-actual"],"rttpg_featured_image_url":{"full":["https:\/\/elconquistadorredloslagos.cl\/test\/wp-content\/uploads\/2024\/12\/Sin-titulo-1-35.png",1920,1080,false],"landscape":["https:\/\/elconquistadorredloslagos.cl\/test\/wp-content\/uploads\/2024\/12\/Sin-titulo-1-35.png",1920,1080,false],"portraits":["https:\/\/elconquistadorredloslagos.cl\/test\/wp-content\/uploads\/2024\/12\/Sin-titulo-1-35.png",1920,1080,false],"thumbnail":["https:\/\/elconquistadorredloslagos.cl\/test\/wp-content\/uploads\/2024\/12\/Sin-titulo-1-35-150x150.png",150,150,true],"medium":["https:\/\/elconquistadorredloslagos.cl\/test\/wp-content\/uploads\/2024\/12\/Sin-titulo-1-35-300x169.png",300,169,true],"large":["https:\/\/elconquistadorredloslagos.cl\/test\/wp-content\/uploads\/2024\/12\/Sin-titulo-1-35-1024x576.png",1024,576,true],"1536x1536":["https:\/\/elconquistadorredloslagos.cl\/test\/wp-content\/uploads\/2024\/12\/Sin-titulo-1-35-1536x864.png",1536,864,true],"2048x2048":["https:\/\/elconquistadorredloslagos.cl\/test\/wp-content\/uploads\/2024\/12\/Sin-titulo-1-35.png",1920,1080,false]},"rttpg_author":{"display_name":"ccardenas","author_link":"https:\/\/elconquistadorredloslagos.cl\/test\/blog\/author\/ccardenas\/"},"rttpg_comment":0,"rttpg_category":"<a href=\"https:\/\/elconquistadorredloslagos.cl\/test\/blog\/category\/actual\/acontecer\/\" rel=\"category tag\">Acontecer<\/a> <a href=\"https:\/\/elconquistadorredloslagos.cl\/test\/blog\/category\/actual\/\" rel=\"category tag\">Actualidad<\/a>","rttpg_excerpt":"Este viernes los candidatos a alcalde que resultaron electos en las pasadas elecciones de octubre asumieron el mando de sus comunas, cargo que ostentar\u00e1n por un per\u00edodo de cuatro a\u00f1os,..","_links":{"self":[{"href":"https:\/\/elconquistadorredloslagos.cl\/test\/wp-json\/wp\/v2\/posts\/5393","targetHints":{"allow":["GET"]}}],"collection":[{"href":"https:\/\/elconquistadorredloslagos.cl\/test\/wp-json\/wp\/v2\/posts"}],"about":[{"href":"https:\/\/elconquistadorredloslagos.cl\/test\/wp-json\/wp\/v2\/types\/post"}],"author":[{"embeddable":true,"href":"https:\/\/elconquistadorredloslagos.cl\/test\/wp-json\/wp\/v2\/users\/2"}],"replies":[{"embeddable":true,"href":"https:\/\/elconquistadorredloslagos.cl\/test\/wp-json\/wp\/v2\/comments?post=5393"}],"version-history":[{"count":3,"href":"https:\/\/elconquistadorredloslagos.cl\/test\/wp-json\/wp\/v2\/posts\/5393\/revisions"}],"predecessor-version":[{"id":5412,"href":"https:\/\/elconquistadorredloslagos.cl\/test\/wp-json\/wp\/v2\/posts\/5393\/revisions\/5412"}],"wp:featuredmedia":[{"embeddable":true,"href":"https:\/\/elconquistadorredloslagos.cl\/test\/wp-json\/wp\/v2\/media\/5398"}],"wp:attachment":[{"href":"https:\/\/elconquistadorredloslagos.cl\/test\/wp-json\/wp\/v2\/media?parent=5393"}],"wp:term":[{"taxonomy":"category","embeddable":true,"href":"https:\/\/elconquistadorredloslagos.cl\/test\/wp-json\/wp\/v2\/categories?post=5393"},{"taxonomy":"post_tag","embeddable":true,"href":"https:\/\/elconquistadorredloslagos.cl\/test\/wp-json\/wp\/v2\/tags?post=5393"}],"curies":[{"name":"wp","href":"https:\/\/api.w.org\/{rel}","templated":true}]}}