{"id":5386,"date":"2024-12-05T15:01:33","date_gmt":"2024-12-05T18:01:33","guid":{"rendered":"https:\/\/elconquistadorredloslagos.cl\/test\/?p=5386"},"modified":"2024-12-05T15:01:34","modified_gmt":"2024-12-05T18:01:34","slug":"a-segundo-tramite-prohibicion-de-obtener-licencias-de-conducir-profesionales-a-personas-con-antecedentes-por-delitos-sexuales","status":"publish","type":"post","link":"https:\/\/elconquistadorredloslagos.cl\/test\/blog\/2024\/12\/05\/a-segundo-tramite-prohibicion-de-obtener-licencias-de-conducir-profesionales-a-personas-con-antecedentes-por-delitos-sexuales\/","title":{"rendered":"A segundo tr\u00e1mite: prohibici\u00f3n de obtener licencias de conducir profesionales a personas con antecedentes por delitos sexuales"},"content":{"rendered":"\n<p>Durante el debate se aclar\u00f3 que la moci\u00f3n est\u00e1 orientada a licencias A1, A2 y A3 de transporte p\u00fablico de pasajeros. Esto, a la luz de noticias sobre abusos o intentos de \u00e9stos contra menores y adultos realizados por algunos conductores de taxis y taxis colectivos.<\/p>\n\n\n\n<p>\u201cNinguna mujer debe sentir miedo en un servicio tan esencial como el transporte p\u00fablico\u201d; \u201cestamos impidiendo, a trav\u00e9s de todos los medios posibles, que una persona con condenas por delitos sexuales pueda seguir operando transporte p\u00fablico en Chile\u201d; fueron algunas de las declaraciones realizadas durante la aprobaci\u00f3n, por unanimidad, del proyecto modifica la ley de Tr\u00e1nsito, para consagrar como inhabilidad para la obtenci\u00f3n de licencias de conducir profesional, contar con antecedentes penales por delitos de connotaci\u00f3n sexual.<\/p>\n\n\n\n<p>El origen de la iniciativa es, en 2018 cuando un conductor en Puerto Montt, abus\u00f3 sexualmente de una menor de edad en las cercan\u00edas del estadio regional Chinquihue.<\/p>\n\n\n\n<p>La moci\u00f3n -que fue despachada a la C\u00e1mara de Diputadas y Diputados- es de autor\u00eda del senador Fidel Espinoza y las senadoras Loreto Carvajal, Ximena Ordenes, Paulina N\u00fa\u00f1ez y Yasna Provoste.<\/p>\n","protected":false},"excerpt":{"rendered":"<p>Durante el debate se aclar\u00f3 que la moci\u00f3n est\u00e1 orientada a licencias A1, A2 y A3 de transporte p\u00fablico de pasajeros. Esto, a la luz de noticias sobre abusos o..<\/p>\n","protected":false},"author":2,"featured_media":5387,"comment_status":"closed","ping_status":"open","sticky":false,"template":"","format":"standard","meta":{"footnotes":""},"categories":[1,28],"tags":[],"class_list":["post-5386","post","type-post","status-publish","format-standard","has-post-thumbnail","hentry","category-acontecer","category-actual"],"rttpg_featured_image_url":{"full":["https:\/\/elconquistadorredloslagos.cl\/test\/wp-content\/uploads\/2024\/12\/Sin-titulo-1-33.png",1920,1080,false],"landscape":["https:\/\/elconquistadorredloslagos.cl\/test\/wp-content\/uploads\/2024\/12\/Sin-titulo-1-33.png",1920,1080,false],"portraits":["https:\/\/elconquistadorredloslagos.cl\/test\/wp-content\/uploads\/2024\/12\/Sin-titulo-1-33.png",1920,1080,false],"thumbnail":["https:\/\/elconquistadorredloslagos.cl\/test\/wp-content\/uploads\/2024\/12\/Sin-titulo-1-33-150x150.png",150,150,true],"medium":["https:\/\/elconquistadorredloslagos.cl\/test\/wp-content\/uploads\/2024\/12\/Sin-titulo-1-33-300x169.png",300,169,true],"large":["https:\/\/elconquistadorredloslagos.cl\/test\/wp-content\/uploads\/2024\/12\/Sin-titulo-1-33-1024x576.png",1024,576,true],"1536x1536":["https:\/\/elconquistadorredloslagos.cl\/test\/wp-content\/uploads\/2024\/12\/Sin-titulo-1-33-1536x864.png",1536,864,true],"2048x2048":["https:\/\/elconquistadorredloslagos.cl\/test\/wp-content\/uploads\/2024\/12\/Sin-titulo-1-33.png",1920,1080,false]},"rttpg_author":{"display_name":"ccardenas","author_link":"https:\/\/elconquistadorredloslagos.cl\/test\/blog\/author\/ccardenas\/"},"rttpg_comment":0,"rttpg_category":"<a href=\"https:\/\/elconquistadorredloslagos.cl\/test\/blog\/category\/actual\/acontecer\/\" rel=\"category tag\">Acontecer<\/a> <a href=\"https:\/\/elconquistadorredloslagos.cl\/test\/blog\/category\/actual\/\" rel=\"category tag\">Actualidad<\/a>","rttpg_excerpt":"Durante el debate se aclar\u00f3 que la moci\u00f3n est\u00e1 orientada a licencias A1, A2 y A3 de transporte p\u00fablico de pasajeros. Esto, a la luz de noticias sobre abusos o..","_links":{"self":[{"href":"https:\/\/elconquistadorredloslagos.cl\/test\/wp-json\/wp\/v2\/posts\/5386","targetHints":{"allow":["GET"]}}],"collection":[{"href":"https:\/\/elconquistadorredloslagos.cl\/test\/wp-json\/wp\/v2\/posts"}],"about":[{"href":"https:\/\/elconquistadorredloslagos.cl\/test\/wp-json\/wp\/v2\/types\/post"}],"author":[{"embeddable":true,"href":"https:\/\/elconquistadorredloslagos.cl\/test\/wp-json\/wp\/v2\/users\/2"}],"replies":[{"embeddable":true,"href":"https:\/\/elconquistadorredloslagos.cl\/test\/wp-json\/wp\/v2\/comments?post=5386"}],"version-history":[{"count":1,"href":"https:\/\/elconquistadorredloslagos.cl\/test\/wp-json\/wp\/v2\/posts\/5386\/revisions"}],"predecessor-version":[{"id":5388,"href":"https:\/\/elconquistadorredloslagos.cl\/test\/wp-json\/wp\/v2\/posts\/5386\/revisions\/5388"}],"wp:featuredmedia":[{"embeddable":true,"href":"https:\/\/elconquistadorredloslagos.cl\/test\/wp-json\/wp\/v2\/media\/5387"}],"wp:attachment":[{"href":"https:\/\/elconquistadorredloslagos.cl\/test\/wp-json\/wp\/v2\/media?parent=5386"}],"wp:term":[{"taxonomy":"category","embeddable":true,"href":"https:\/\/elconquistadorredloslagos.cl\/test\/wp-json\/wp\/v2\/categories?post=5386"},{"taxonomy":"post_tag","embeddable":true,"href":"https:\/\/elconquistadorredloslagos.cl\/test\/wp-json\/wp\/v2\/tags?post=5386"}],"curies":[{"name":"wp","href":"https:\/\/api.w.org\/{rel}","templated":true}]}}