{"id":5383,"date":"2024-12-05T14:53:37","date_gmt":"2024-12-05T17:53:37","guid":{"rendered":"https:\/\/elconquistadorredloslagos.cl\/test\/?p=5383"},"modified":"2024-12-05T14:53:39","modified_gmt":"2024-12-05T17:53:39","slug":"exitosa-feria-cientifica-reunio-a-mas-de-100-estudiantes-de-chaiten-y-la-peninsula-de-huequi","status":"publish","type":"post","link":"https:\/\/elconquistadorredloslagos.cl\/test\/blog\/2024\/12\/05\/exitosa-feria-cientifica-reunio-a-mas-de-100-estudiantes-de-chaiten-y-la-peninsula-de-huequi\/","title":{"rendered":"Exitosa feria cient\u00edfica reuni\u00f3 a m\u00e1s de 100 estudiantes de Chait\u00e9n y la Pen\u00ednsula de Huequi"},"content":{"rendered":"\n<p>M\u00e1s de 100 escolares, de siete establecimientos educacionales de distintos puntos de la comuna de Chait\u00e9n (Regi\u00f3n de Los Lagos), fueron el centro de atenci\u00f3n de la VIII Feria Cient\u00edfica de Huequi, realizada el jueves en Centro Comunitario de Huequi Norte (donde funciona provisionalmente la escuela mientras concluyen los trabajos de reposici\u00f3n de su edificio).<\/p>\n\n\n\n<p>El evento, organizado por la docente Cecilia Montecinos Ulloa, cont\u00f3 con la presencia de expositores y representantes de distintas organizaciones, como el equipo de Conaf en el Parque Nacional Pumal\u00edn, la Municipalidad de Chait\u00e9n y empresas privadas.&nbsp; Tambi\u00e9n estuvo presente la Seremi de Ciencia, Tecnolog\u00eda, Conocimiento e Innovaci\u00f3n de la Macrozona Sur, Dra. Maite Castro Gallastegui, y el Centro de Innovaci\u00f3n Regional de Los Lagos.<\/p>\n\n\n\n<p>La feria se dividi\u00f3 en dos partes. La primera incluy\u00f3 exposiciones de las y los invitados y la segunda fue el recorrido por los stands de las y los escolares. En la primera, destac\u00f3 la intervenci\u00f3n de la Seremi de Ciencia, quien explic\u00f3 el rol del ministerio y realiz\u00f3 una breve charla sobre el funcionamiento del cerebro y las c\u00e9lulas. Para ello, utiliz\u00f3 unos microscopios educativos, creados a partir de manufactura digital (impresoras 3D) por el Laboratorio de Prototipado R\u00e1pido e Innovaci\u00f3n Tecnol\u00f3gica (Leuf\u00fcLAB), de la Universidad Austral de Chile (UACh), y que fueron donados a la feria cient\u00edfica por la Facultad de Ciencias de la Ingenier\u00eda de la UACh.<\/p>\n","protected":false},"excerpt":{"rendered":"<p>M\u00e1s de 100 escolares, de siete establecimientos educacionales de distintos puntos de la comuna de Chait\u00e9n (Regi\u00f3n de Los Lagos), fueron el centro de atenci\u00f3n de la VIII Feria Cient\u00edfica..<\/p>\n","protected":false},"author":2,"featured_media":5384,"comment_status":"closed","ping_status":"open","sticky":false,"template":"","format":"standard","meta":{"footnotes":""},"categories":[1,28],"tags":[],"class_list":["post-5383","post","type-post","status-publish","format-standard","has-post-thumbnail","hentry","category-acontecer","category-actual"],"rttpg_featured_image_url":{"full":["https:\/\/elconquistadorredloslagos.cl\/test\/wp-content\/uploads\/2024\/12\/Sin-titulo-1-32.png",1920,1080,false],"landscape":["https:\/\/elconquistadorredloslagos.cl\/test\/wp-content\/uploads\/2024\/12\/Sin-titulo-1-32.png",1920,1080,false],"portraits":["https:\/\/elconquistadorredloslagos.cl\/test\/wp-content\/uploads\/2024\/12\/Sin-titulo-1-32.png",1920,1080,false],"thumbnail":["https:\/\/elconquistadorredloslagos.cl\/test\/wp-content\/uploads\/2024\/12\/Sin-titulo-1-32-150x150.png",150,150,true],"medium":["https:\/\/elconquistadorredloslagos.cl\/test\/wp-content\/uploads\/2024\/12\/Sin-titulo-1-32-300x169.png",300,169,true],"large":["https:\/\/elconquistadorredloslagos.cl\/test\/wp-content\/uploads\/2024\/12\/Sin-titulo-1-32-1024x576.png",1024,576,true],"1536x1536":["https:\/\/elconquistadorredloslagos.cl\/test\/wp-content\/uploads\/2024\/12\/Sin-titulo-1-32-1536x864.png",1536,864,true],"2048x2048":["https:\/\/elconquistadorredloslagos.cl\/test\/wp-content\/uploads\/2024\/12\/Sin-titulo-1-32.png",1920,1080,false]},"rttpg_author":{"display_name":"ccardenas","author_link":"https:\/\/elconquistadorredloslagos.cl\/test\/blog\/author\/ccardenas\/"},"rttpg_comment":0,"rttpg_category":"<a href=\"https:\/\/elconquistadorredloslagos.cl\/test\/blog\/category\/actual\/acontecer\/\" rel=\"category tag\">Acontecer<\/a> <a href=\"https:\/\/elconquistadorredloslagos.cl\/test\/blog\/category\/actual\/\" rel=\"category tag\">Actualidad<\/a>","rttpg_excerpt":"M\u00e1s de 100 escolares, de siete establecimientos educacionales de distintos puntos de la comuna de Chait\u00e9n (Regi\u00f3n de Los Lagos), fueron el centro de atenci\u00f3n de la VIII Feria Cient\u00edfica..","_links":{"self":[{"href":"https:\/\/elconquistadorredloslagos.cl\/test\/wp-json\/wp\/v2\/posts\/5383","targetHints":{"allow":["GET"]}}],"collection":[{"href":"https:\/\/elconquistadorredloslagos.cl\/test\/wp-json\/wp\/v2\/posts"}],"about":[{"href":"https:\/\/elconquistadorredloslagos.cl\/test\/wp-json\/wp\/v2\/types\/post"}],"author":[{"embeddable":true,"href":"https:\/\/elconquistadorredloslagos.cl\/test\/wp-json\/wp\/v2\/users\/2"}],"replies":[{"embeddable":true,"href":"https:\/\/elconquistadorredloslagos.cl\/test\/wp-json\/wp\/v2\/comments?post=5383"}],"version-history":[{"count":1,"href":"https:\/\/elconquistadorredloslagos.cl\/test\/wp-json\/wp\/v2\/posts\/5383\/revisions"}],"predecessor-version":[{"id":5385,"href":"https:\/\/elconquistadorredloslagos.cl\/test\/wp-json\/wp\/v2\/posts\/5383\/revisions\/5385"}],"wp:featuredmedia":[{"embeddable":true,"href":"https:\/\/elconquistadorredloslagos.cl\/test\/wp-json\/wp\/v2\/media\/5384"}],"wp:attachment":[{"href":"https:\/\/elconquistadorredloslagos.cl\/test\/wp-json\/wp\/v2\/media?parent=5383"}],"wp:term":[{"taxonomy":"category","embeddable":true,"href":"https:\/\/elconquistadorredloslagos.cl\/test\/wp-json\/wp\/v2\/categories?post=5383"},{"taxonomy":"post_tag","embeddable":true,"href":"https:\/\/elconquistadorredloslagos.cl\/test\/wp-json\/wp\/v2\/tags?post=5383"}],"curies":[{"name":"wp","href":"https:\/\/api.w.org\/{rel}","templated":true}]}}