{"id":5374,"date":"2024-12-05T14:43:35","date_gmt":"2024-12-05T17:43:35","guid":{"rendered":"https:\/\/elconquistadorredloslagos.cl\/test\/?p=5374"},"modified":"2024-12-05T14:43:35","modified_gmt":"2024-12-05T17:43:35","slug":"core-los-lagos-acuerda-voto-politico-para-revertir-recorte-presupuestario","status":"publish","type":"post","link":"https:\/\/elconquistadorredloslagos.cl\/test\/blog\/2024\/12\/05\/core-los-lagos-acuerda-voto-politico-para-revertir-recorte-presupuestario\/","title":{"rendered":"CORE Los Lagos acuerda voto pol\u00edtico para revertir recorte presupuestario"},"content":{"rendered":"\n<p>En sesi\u00f3n plenaria del Consejo Regional Los Lagos, se acord\u00f3 un voto pol\u00edtico que consiste en un en\u00e9rgico llamado al ministerio de Hacienda y la Direcci\u00f3n de Presupuestos en el sentido de revertir el recorte de 10 mil millones de pesos a la regi\u00f3n, con el consiguiente desmedro de los territorios.<\/p>\n\n\n\n<p>En la ocasi\u00f3n, el gobernador Patricio Vallesp\u00edn ley\u00f3 una declaraci\u00f3n en la que plasma la molestia existente por las acciones de la Direcci\u00f3n de Presupuestos en torno a los recursos que se han retenido en el nivel central, ya que ello genera complicaciones en el pago de compromisos contractuales con proveedores, impactando directamente en las comunidades.<\/p>\n\n\n\n<p>Asimismo la presidenta de la comisi\u00f3n de Hacienda del Core, Mar\u00eda Ang\u00e9lica Barraza y el presidente de la comisi\u00f3n Palena, Fernando Hern\u00e1ndez, se sumaron al emplazamiento.<\/p>\n","protected":false},"excerpt":{"rendered":"<p>En sesi\u00f3n plenaria del Consejo Regional Los Lagos, se acord\u00f3 un voto pol\u00edtico que consiste en un en\u00e9rgico llamado al ministerio de Hacienda y la Direcci\u00f3n de Presupuestos en el..<\/p>\n","protected":false},"author":2,"featured_media":5375,"comment_status":"closed","ping_status":"open","sticky":false,"template":"","format":"standard","meta":{"footnotes":""},"categories":[1,28],"tags":[],"class_list":["post-5374","post","type-post","status-publish","format-standard","has-post-thumbnail","hentry","category-acontecer","category-actual"],"rttpg_featured_image_url":{"full":["https:\/\/elconquistadorredloslagos.cl\/test\/wp-content\/uploads\/2024\/12\/Sin-titulo-1-30.png",1920,1080,false],"landscape":["https:\/\/elconquistadorredloslagos.cl\/test\/wp-content\/uploads\/2024\/12\/Sin-titulo-1-30.png",1920,1080,false],"portraits":["https:\/\/elconquistadorredloslagos.cl\/test\/wp-content\/uploads\/2024\/12\/Sin-titulo-1-30.png",1920,1080,false],"thumbnail":["https:\/\/elconquistadorredloslagos.cl\/test\/wp-content\/uploads\/2024\/12\/Sin-titulo-1-30-150x150.png",150,150,true],"medium":["https:\/\/elconquistadorredloslagos.cl\/test\/wp-content\/uploads\/2024\/12\/Sin-titulo-1-30-300x169.png",300,169,true],"large":["https:\/\/elconquistadorredloslagos.cl\/test\/wp-content\/uploads\/2024\/12\/Sin-titulo-1-30-1024x576.png",1024,576,true],"1536x1536":["https:\/\/elconquistadorredloslagos.cl\/test\/wp-content\/uploads\/2024\/12\/Sin-titulo-1-30-1536x864.png",1536,864,true],"2048x2048":["https:\/\/elconquistadorredloslagos.cl\/test\/wp-content\/uploads\/2024\/12\/Sin-titulo-1-30.png",1920,1080,false]},"rttpg_author":{"display_name":"ccardenas","author_link":"https:\/\/elconquistadorredloslagos.cl\/test\/blog\/author\/ccardenas\/"},"rttpg_comment":0,"rttpg_category":"<a href=\"https:\/\/elconquistadorredloslagos.cl\/test\/blog\/category\/actual\/acontecer\/\" rel=\"category tag\">Acontecer<\/a> <a href=\"https:\/\/elconquistadorredloslagos.cl\/test\/blog\/category\/actual\/\" rel=\"category tag\">Actualidad<\/a>","rttpg_excerpt":"En sesi\u00f3n plenaria del Consejo Regional Los Lagos, se acord\u00f3 un voto pol\u00edtico que consiste en un en\u00e9rgico llamado al ministerio de Hacienda y la Direcci\u00f3n de Presupuestos en el..","_links":{"self":[{"href":"https:\/\/elconquistadorredloslagos.cl\/test\/wp-json\/wp\/v2\/posts\/5374","targetHints":{"allow":["GET"]}}],"collection":[{"href":"https:\/\/elconquistadorredloslagos.cl\/test\/wp-json\/wp\/v2\/posts"}],"about":[{"href":"https:\/\/elconquistadorredloslagos.cl\/test\/wp-json\/wp\/v2\/types\/post"}],"author":[{"embeddable":true,"href":"https:\/\/elconquistadorredloslagos.cl\/test\/wp-json\/wp\/v2\/users\/2"}],"replies":[{"embeddable":true,"href":"https:\/\/elconquistadorredloslagos.cl\/test\/wp-json\/wp\/v2\/comments?post=5374"}],"version-history":[{"count":1,"href":"https:\/\/elconquistadorredloslagos.cl\/test\/wp-json\/wp\/v2\/posts\/5374\/revisions"}],"predecessor-version":[{"id":5376,"href":"https:\/\/elconquistadorredloslagos.cl\/test\/wp-json\/wp\/v2\/posts\/5374\/revisions\/5376"}],"wp:featuredmedia":[{"embeddable":true,"href":"https:\/\/elconquistadorredloslagos.cl\/test\/wp-json\/wp\/v2\/media\/5375"}],"wp:attachment":[{"href":"https:\/\/elconquistadorredloslagos.cl\/test\/wp-json\/wp\/v2\/media?parent=5374"}],"wp:term":[{"taxonomy":"category","embeddable":true,"href":"https:\/\/elconquistadorredloslagos.cl\/test\/wp-json\/wp\/v2\/categories?post=5374"},{"taxonomy":"post_tag","embeddable":true,"href":"https:\/\/elconquistadorredloslagos.cl\/test\/wp-json\/wp\/v2\/tags?post=5374"}],"curies":[{"name":"wp","href":"https:\/\/api.w.org\/{rel}","templated":true}]}}