{"id":5371,"date":"2024-12-05T14:37:16","date_gmt":"2024-12-05T17:37:16","guid":{"rendered":"https:\/\/elconquistadorredloslagos.cl\/test\/?p=5371"},"modified":"2024-12-05T14:37:17","modified_gmt":"2024-12-05T17:37:17","slug":"declaran-alerta-temprana-preventiva-para-los-lagos","status":"publish","type":"post","link":"https:\/\/elconquistadorredloslagos.cl\/test\/blog\/2024\/12\/05\/declaran-alerta-temprana-preventiva-para-los-lagos\/","title":{"rendered":"Declaran Alerta Temprana Preventiva para Los Lagos"},"content":{"rendered":"\n<p>De acuerdo con la informaci\u00f3n proporcionada por la Direcci\u00f3n Meteorol\u00f3gica de Chile (DMC) a trav\u00e9s de un reciente aviso meteorol\u00f3gico, se pronostica \u201cprobables\u201d tormentas el\u00e9ctricas desde la tarde de hoy jueves extendi\u00e9ndose hasta la noche, adem\u00e1s de posibles precipitaciones fuertes en un corto periodo de tiempo en zonas de la precordillera, cordillera y el Archipi\u00e9lago de Chilo\u00e9.<\/p>\n\n\n\n<p>En consideraci\u00f3n a estos antecedentes expuestos anteriormente, lo que suponen un aumento del riesgo asociado a dichas variables meteorol\u00f3gicas y en coordinaci\u00f3n con la delegaci\u00f3n presidencial, la direcci\u00f3n regional de Sistema Nacional de Prevenci\u00f3n y Respuesta ante Desastres (SENAPRED) se declar\u00f3 Alerta Temprana Preventiva (ATP) por Probables tormentas el\u00e9ctricas, para la Regi\u00f3n de Los Lagos desde hoy y hasta que las condiciones as\u00ed lo ameriten.<\/p>\n\n\n\n<p>La declaraci\u00f3n de esta alerta se constituye como un estado de reforzamiento de la vigilancia, mediante el monitoreo preciso y riguroso de las condiciones de riesgo. Las autoridades instalan a la poblaci\u00f3n en tomar precauciones, especialmente en \u00e1reas monta\u00f1osas, donde las lluvias podr\u00edan ser intensas.<\/p>\n","protected":false},"excerpt":{"rendered":"<p>De acuerdo con la informaci\u00f3n proporcionada por la Direcci\u00f3n Meteorol\u00f3gica de Chile (DMC) a trav\u00e9s de un reciente aviso meteorol\u00f3gico, se pronostica \u201cprobables\u201d tormentas el\u00e9ctricas desde la tarde de hoy..<\/p>\n","protected":false},"author":2,"featured_media":5372,"comment_status":"closed","ping_status":"open","sticky":false,"template":"","format":"standard","meta":{"footnotes":""},"categories":[1,28],"tags":[],"class_list":["post-5371","post","type-post","status-publish","format-standard","has-post-thumbnail","hentry","category-acontecer","category-actual"],"rttpg_featured_image_url":{"full":["https:\/\/elconquistadorredloslagos.cl\/test\/wp-content\/uploads\/2024\/12\/Sin-titulo-1-29.png",1920,1080,false],"landscape":["https:\/\/elconquistadorredloslagos.cl\/test\/wp-content\/uploads\/2024\/12\/Sin-titulo-1-29.png",1920,1080,false],"portraits":["https:\/\/elconquistadorredloslagos.cl\/test\/wp-content\/uploads\/2024\/12\/Sin-titulo-1-29.png",1920,1080,false],"thumbnail":["https:\/\/elconquistadorredloslagos.cl\/test\/wp-content\/uploads\/2024\/12\/Sin-titulo-1-29-150x150.png",150,150,true],"medium":["https:\/\/elconquistadorredloslagos.cl\/test\/wp-content\/uploads\/2024\/12\/Sin-titulo-1-29-300x169.png",300,169,true],"large":["https:\/\/elconquistadorredloslagos.cl\/test\/wp-content\/uploads\/2024\/12\/Sin-titulo-1-29-1024x576.png",1024,576,true],"1536x1536":["https:\/\/elconquistadorredloslagos.cl\/test\/wp-content\/uploads\/2024\/12\/Sin-titulo-1-29-1536x864.png",1536,864,true],"2048x2048":["https:\/\/elconquistadorredloslagos.cl\/test\/wp-content\/uploads\/2024\/12\/Sin-titulo-1-29.png",1920,1080,false]},"rttpg_author":{"display_name":"ccardenas","author_link":"https:\/\/elconquistadorredloslagos.cl\/test\/blog\/author\/ccardenas\/"},"rttpg_comment":0,"rttpg_category":"<a href=\"https:\/\/elconquistadorredloslagos.cl\/test\/blog\/category\/actual\/acontecer\/\" rel=\"category tag\">Acontecer<\/a> <a href=\"https:\/\/elconquistadorredloslagos.cl\/test\/blog\/category\/actual\/\" rel=\"category tag\">Actualidad<\/a>","rttpg_excerpt":"De acuerdo con la informaci\u00f3n proporcionada por la Direcci\u00f3n Meteorol\u00f3gica de Chile (DMC) a trav\u00e9s de un reciente aviso meteorol\u00f3gico, se pronostica \u201cprobables\u201d tormentas el\u00e9ctricas desde la tarde de hoy..","_links":{"self":[{"href":"https:\/\/elconquistadorredloslagos.cl\/test\/wp-json\/wp\/v2\/posts\/5371","targetHints":{"allow":["GET"]}}],"collection":[{"href":"https:\/\/elconquistadorredloslagos.cl\/test\/wp-json\/wp\/v2\/posts"}],"about":[{"href":"https:\/\/elconquistadorredloslagos.cl\/test\/wp-json\/wp\/v2\/types\/post"}],"author":[{"embeddable":true,"href":"https:\/\/elconquistadorredloslagos.cl\/test\/wp-json\/wp\/v2\/users\/2"}],"replies":[{"embeddable":true,"href":"https:\/\/elconquistadorredloslagos.cl\/test\/wp-json\/wp\/v2\/comments?post=5371"}],"version-history":[{"count":1,"href":"https:\/\/elconquistadorredloslagos.cl\/test\/wp-json\/wp\/v2\/posts\/5371\/revisions"}],"predecessor-version":[{"id":5373,"href":"https:\/\/elconquistadorredloslagos.cl\/test\/wp-json\/wp\/v2\/posts\/5371\/revisions\/5373"}],"wp:featuredmedia":[{"embeddable":true,"href":"https:\/\/elconquistadorredloslagos.cl\/test\/wp-json\/wp\/v2\/media\/5372"}],"wp:attachment":[{"href":"https:\/\/elconquistadorredloslagos.cl\/test\/wp-json\/wp\/v2\/media?parent=5371"}],"wp:term":[{"taxonomy":"category","embeddable":true,"href":"https:\/\/elconquistadorredloslagos.cl\/test\/wp-json\/wp\/v2\/categories?post=5371"},{"taxonomy":"post_tag","embeddable":true,"href":"https:\/\/elconquistadorredloslagos.cl\/test\/wp-json\/wp\/v2\/tags?post=5371"}],"curies":[{"name":"wp","href":"https:\/\/api.w.org\/{rel}","templated":true}]}}