{"id":5367,"date":"2024-12-05T14:20:51","date_gmt":"2024-12-05T17:20:51","guid":{"rendered":"https:\/\/elconquistadorredloslagos.cl\/test\/?p=5367"},"modified":"2024-12-05T14:20:52","modified_gmt":"2024-12-05T17:20:52","slug":"con-11-detenidos-y-casi-una-decena-de-infracciones-comenzaron-fiscalizaciones-preventivas-de-fin-de-ano-en-los-lagos","status":"publish","type":"post","link":"https:\/\/elconquistadorredloslagos.cl\/test\/blog\/2024\/12\/05\/con-11-detenidos-y-casi-una-decena-de-infracciones-comenzaron-fiscalizaciones-preventivas-de-fin-de-ano-en-los-lagos\/","title":{"rendered":"Con 11 detenidos y casi una decena de infracciones comenzaron fiscalizaciones preventivas de fin de a\u00f1o en Los Lagos"},"content":{"rendered":"\n<p>A pocas semanas de las fiestas de fin de a\u00f1o, las autoridades en la Regi\u00f3n de Los Lagos dieron el vamos al plan de fiscalizaciones preventivas para fortalecer la seguridad en el sector c\u00e9ntrico de Puerto Montt, con foco en combatir el comercio il\u00edcito, aumentar la presencia policial y&nbsp; fortalecer el control al transporte p\u00fablico y privado.<\/p>\n\n\n\n<p>El plan, encabezado por el Ejecutivo a trav\u00e9s de la Delegaci\u00f3n Presidencial y la Subsecretar\u00eda de Prevenci\u00f3n del Delito, tuvo sus primeros resultados a las pocas horas de lanzado y termin\u00f3 con un total de 11 personas detenidas, de las cuales 3 fueron por conducci\u00f3n de veh\u00edculo motorizado bajo los efectos de sustancias psicotr\u00f3picas, 2 por porte de arma blanca, y 6 por \u00f3rdenes vigentes por hurto, lesiones menos graves, da\u00f1os y conducci\u00f3n en estado de ebriedad.<\/p>\n\n\n\n<p>Asimismo, se dio cuenta del curso de 11 infracciones por diferentes causas, entre ellas, por ejercer el comercio il\u00edcito en el espacio p\u00fablico. As\u00ed lo coment\u00f3 el comisario de la Sexta Comisar\u00eda de Carabineros de Alerce, mayor Hardy Huenul.<\/p>\n\n\n\n<figure class=\"wp-block-audio\"><audio controls src=\"https:\/\/elconquistadorredloslagos.cl\/test\/wp-content\/uploads\/2024\/12\/WhatsApp-Audio-2024-12-05-at-14.02.56.ogg\"><\/audio><\/figure>\n\n\n\n<p>En tanto, el seremi de Transportes, Pablo Joost, dio cuenta de la focalizaci\u00f3n de los controles en el transporte p\u00fablico en la regi\u00f3n, donde se ha dispuesto un operativo de fiscalizaciones al transporte p\u00fablico con un total de 73 controles y se cursaron 21 citaciones al Juzgado de Polic\u00eda Local por diferentes infracciones.<\/p>\n","protected":false},"excerpt":{"rendered":"<p>A pocas semanas de las fiestas de fin de a\u00f1o, las autoridades en la Regi\u00f3n de Los Lagos dieron el vamos al plan de fiscalizaciones preventivas para fortalecer la seguridad..<\/p>\n","protected":false},"author":2,"featured_media":5369,"comment_status":"closed","ping_status":"open","sticky":false,"template":"","format":"standard","meta":{"footnotes":""},"categories":[1,28],"tags":[],"class_list":["post-5367","post","type-post","status-publish","format-standard","has-post-thumbnail","hentry","category-acontecer","category-actual"],"rttpg_featured_image_url":{"full":["https:\/\/elconquistadorredloslagos.cl\/test\/wp-content\/uploads\/2024\/12\/Sin-titulo-1-28.png",1920,1080,false],"landscape":["https:\/\/elconquistadorredloslagos.cl\/test\/wp-content\/uploads\/2024\/12\/Sin-titulo-1-28.png",1920,1080,false],"portraits":["https:\/\/elconquistadorredloslagos.cl\/test\/wp-content\/uploads\/2024\/12\/Sin-titulo-1-28.png",1920,1080,false],"thumbnail":["https:\/\/elconquistadorredloslagos.cl\/test\/wp-content\/uploads\/2024\/12\/Sin-titulo-1-28-150x150.png",150,150,true],"medium":["https:\/\/elconquistadorredloslagos.cl\/test\/wp-content\/uploads\/2024\/12\/Sin-titulo-1-28-300x169.png",300,169,true],"large":["https:\/\/elconquistadorredloslagos.cl\/test\/wp-content\/uploads\/2024\/12\/Sin-titulo-1-28-1024x576.png",1024,576,true],"1536x1536":["https:\/\/elconquistadorredloslagos.cl\/test\/wp-content\/uploads\/2024\/12\/Sin-titulo-1-28-1536x864.png",1536,864,true],"2048x2048":["https:\/\/elconquistadorredloslagos.cl\/test\/wp-content\/uploads\/2024\/12\/Sin-titulo-1-28.png",1920,1080,false]},"rttpg_author":{"display_name":"ccardenas","author_link":"https:\/\/elconquistadorredloslagos.cl\/test\/blog\/author\/ccardenas\/"},"rttpg_comment":0,"rttpg_category":"<a href=\"https:\/\/elconquistadorredloslagos.cl\/test\/blog\/category\/actual\/acontecer\/\" rel=\"category tag\">Acontecer<\/a> <a href=\"https:\/\/elconquistadorredloslagos.cl\/test\/blog\/category\/actual\/\" rel=\"category tag\">Actualidad<\/a>","rttpg_excerpt":"A pocas semanas de las fiestas de fin de a\u00f1o, las autoridades en la Regi\u00f3n de Los Lagos dieron el vamos al plan de fiscalizaciones preventivas para fortalecer la seguridad..","_links":{"self":[{"href":"https:\/\/elconquistadorredloslagos.cl\/test\/wp-json\/wp\/v2\/posts\/5367","targetHints":{"allow":["GET"]}}],"collection":[{"href":"https:\/\/elconquistadorredloslagos.cl\/test\/wp-json\/wp\/v2\/posts"}],"about":[{"href":"https:\/\/elconquistadorredloslagos.cl\/test\/wp-json\/wp\/v2\/types\/post"}],"author":[{"embeddable":true,"href":"https:\/\/elconquistadorredloslagos.cl\/test\/wp-json\/wp\/v2\/users\/2"}],"replies":[{"embeddable":true,"href":"https:\/\/elconquistadorredloslagos.cl\/test\/wp-json\/wp\/v2\/comments?post=5367"}],"version-history":[{"count":1,"href":"https:\/\/elconquistadorredloslagos.cl\/test\/wp-json\/wp\/v2\/posts\/5367\/revisions"}],"predecessor-version":[{"id":5370,"href":"https:\/\/elconquistadorredloslagos.cl\/test\/wp-json\/wp\/v2\/posts\/5367\/revisions\/5370"}],"wp:featuredmedia":[{"embeddable":true,"href":"https:\/\/elconquistadorredloslagos.cl\/test\/wp-json\/wp\/v2\/media\/5369"}],"wp:attachment":[{"href":"https:\/\/elconquistadorredloslagos.cl\/test\/wp-json\/wp\/v2\/media?parent=5367"}],"wp:term":[{"taxonomy":"category","embeddable":true,"href":"https:\/\/elconquistadorredloslagos.cl\/test\/wp-json\/wp\/v2\/categories?post=5367"},{"taxonomy":"post_tag","embeddable":true,"href":"https:\/\/elconquistadorredloslagos.cl\/test\/wp-json\/wp\/v2\/tags?post=5367"}],"curies":[{"name":"wp","href":"https:\/\/api.w.org\/{rel}","templated":true}]}}