{"id":5363,"date":"2024-12-05T14:14:26","date_gmt":"2024-12-05T17:14:26","guid":{"rendered":"https:\/\/elconquistadorredloslagos.cl\/test\/?p=5363"},"modified":"2024-12-05T14:14:27","modified_gmt":"2024-12-05T17:14:27","slug":"gendarmeria-confirma-de-fallecimiento-de-interno-carcel-de-alto-bonito","status":"publish","type":"post","link":"https:\/\/elconquistadorredloslagos.cl\/test\/blog\/2024\/12\/05\/gendarmeria-confirma-de-fallecimiento-de-interno-carcel-de-alto-bonito\/","title":{"rendered":"Gendarmer\u00eda confirma de fallecimiento de interno c\u00e1rcel de Alto Bonito"},"content":{"rendered":"\n<p>La Direcci\u00f3n Regional de Gendarmer\u00eda de Los Lagos inform\u00f3 sobre el lamentable fallecimiento de un interno condenado del Complejo Penitenciario de Puerto Montt, quien de acuerdo a los primeros antecedentes levantados por la instituci\u00f3n habr\u00eda sido agredido con un arma blanca artesanal por otro privado de libertad.<\/p>\n\n\n\n<p>Los hechos quedaron al descubierto a la hora del desencierro durante la ma\u00f1ana de hoy, cuando funcionarios de la unidad encontraron el cuerpo del interno, habitante del m\u00f3dulo 54. Los detalles fueron entregados por Edgardo Caniulef, director regional de Gendarmer\u00eda.<\/p>\n\n\n\n<figure class=\"wp-block-audio\"><audio controls src=\"https:\/\/elconquistadorredloslagos.cl\/test\/wp-content\/uploads\/2024\/12\/CUNA-EDGARDO-CANIULEF.mp3\"><\/audio><\/figure>\n\n\n\n<p>Gendarmer\u00eda dio cuenta de lo sucedido al Ministerio P\u00fablico, entidad que dispuso la concurrencia de la Brigada de Homicidios de la PDI, para realizar los peritajes, y determinar las causas del deceso. De forma paralela, la Direcci\u00f3n Regional de Gendarmer\u00eda Los Lagos, instruy\u00f3 la realizaci\u00f3n de un sumario administrativo, junto con informar los hechos a la familia del fallecido.<\/p>\n","protected":false},"excerpt":{"rendered":"<p>La Direcci\u00f3n Regional de Gendarmer\u00eda de Los Lagos inform\u00f3 sobre el lamentable fallecimiento de un interno condenado del Complejo Penitenciario de Puerto Montt, quien de acuerdo a los primeros antecedentes..<\/p>\n","protected":false},"author":2,"featured_media":5365,"comment_status":"closed","ping_status":"open","sticky":false,"template":"","format":"standard","meta":{"footnotes":""},"categories":[1,28],"tags":[],"class_list":["post-5363","post","type-post","status-publish","format-standard","has-post-thumbnail","hentry","category-acontecer","category-actual"],"rttpg_featured_image_url":{"full":["https:\/\/elconquistadorredloslagos.cl\/test\/wp-content\/uploads\/2024\/12\/Sin-titulo-1-27.png",1920,1080,false],"landscape":["https:\/\/elconquistadorredloslagos.cl\/test\/wp-content\/uploads\/2024\/12\/Sin-titulo-1-27.png",1920,1080,false],"portraits":["https:\/\/elconquistadorredloslagos.cl\/test\/wp-content\/uploads\/2024\/12\/Sin-titulo-1-27.png",1920,1080,false],"thumbnail":["https:\/\/elconquistadorredloslagos.cl\/test\/wp-content\/uploads\/2024\/12\/Sin-titulo-1-27-150x150.png",150,150,true],"medium":["https:\/\/elconquistadorredloslagos.cl\/test\/wp-content\/uploads\/2024\/12\/Sin-titulo-1-27-300x169.png",300,169,true],"large":["https:\/\/elconquistadorredloslagos.cl\/test\/wp-content\/uploads\/2024\/12\/Sin-titulo-1-27-1024x576.png",1024,576,true],"1536x1536":["https:\/\/elconquistadorredloslagos.cl\/test\/wp-content\/uploads\/2024\/12\/Sin-titulo-1-27-1536x864.png",1536,864,true],"2048x2048":["https:\/\/elconquistadorredloslagos.cl\/test\/wp-content\/uploads\/2024\/12\/Sin-titulo-1-27.png",1920,1080,false]},"rttpg_author":{"display_name":"ccardenas","author_link":"https:\/\/elconquistadorredloslagos.cl\/test\/blog\/author\/ccardenas\/"},"rttpg_comment":0,"rttpg_category":"<a href=\"https:\/\/elconquistadorredloslagos.cl\/test\/blog\/category\/actual\/acontecer\/\" rel=\"category tag\">Acontecer<\/a> <a href=\"https:\/\/elconquistadorredloslagos.cl\/test\/blog\/category\/actual\/\" rel=\"category tag\">Actualidad<\/a>","rttpg_excerpt":"La Direcci\u00f3n Regional de Gendarmer\u00eda de Los Lagos inform\u00f3 sobre el lamentable fallecimiento de un interno condenado del Complejo Penitenciario de Puerto Montt, quien de acuerdo a los primeros antecedentes..","_links":{"self":[{"href":"https:\/\/elconquistadorredloslagos.cl\/test\/wp-json\/wp\/v2\/posts\/5363","targetHints":{"allow":["GET"]}}],"collection":[{"href":"https:\/\/elconquistadorredloslagos.cl\/test\/wp-json\/wp\/v2\/posts"}],"about":[{"href":"https:\/\/elconquistadorredloslagos.cl\/test\/wp-json\/wp\/v2\/types\/post"}],"author":[{"embeddable":true,"href":"https:\/\/elconquistadorredloslagos.cl\/test\/wp-json\/wp\/v2\/users\/2"}],"replies":[{"embeddable":true,"href":"https:\/\/elconquistadorredloslagos.cl\/test\/wp-json\/wp\/v2\/comments?post=5363"}],"version-history":[{"count":1,"href":"https:\/\/elconquistadorredloslagos.cl\/test\/wp-json\/wp\/v2\/posts\/5363\/revisions"}],"predecessor-version":[{"id":5366,"href":"https:\/\/elconquistadorredloslagos.cl\/test\/wp-json\/wp\/v2\/posts\/5363\/revisions\/5366"}],"wp:featuredmedia":[{"embeddable":true,"href":"https:\/\/elconquistadorredloslagos.cl\/test\/wp-json\/wp\/v2\/media\/5365"}],"wp:attachment":[{"href":"https:\/\/elconquistadorredloslagos.cl\/test\/wp-json\/wp\/v2\/media?parent=5363"}],"wp:term":[{"taxonomy":"category","embeddable":true,"href":"https:\/\/elconquistadorredloslagos.cl\/test\/wp-json\/wp\/v2\/categories?post=5363"},{"taxonomy":"post_tag","embeddable":true,"href":"https:\/\/elconquistadorredloslagos.cl\/test\/wp-json\/wp\/v2\/tags?post=5363"}],"curies":[{"name":"wp","href":"https:\/\/api.w.org\/{rel}","templated":true}]}}