{"id":4830,"date":"2024-11-18T10:12:02","date_gmt":"2024-11-18T13:12:02","guid":{"rendered":"https:\/\/elconquistadorredloslagos.cl\/test\/?p=4830"},"modified":"2024-11-18T10:12:05","modified_gmt":"2024-11-18T13:12:05","slug":"cuentacuentos-llenaron-de-magia-y-color-la-corte-de-puerto-montt-en-el-dia-de-los-patrimonios-de-ninas-ninos-y-adolescentes","status":"publish","type":"post","link":"https:\/\/elconquistadorredloslagos.cl\/test\/blog\/2024\/11\/18\/cuentacuentos-llenaron-de-magia-y-color-la-corte-de-puerto-montt-en-el-dia-de-los-patrimonios-de-ninas-ninos-y-adolescentes\/","title":{"rendered":"Cuentacuentos llenaron de magia y color la Corte de Puerto Montt en el D\u00eda de los Patrimonios de ni\u00f1as, ni\u00f1os y adolescentes"},"content":{"rendered":"\n<p>Una alegre jornada vivieron las ni\u00f1as, ni\u00f1os, adolescentes y familias que llegaron hoy -s\u00e1bado 16 de noviembre- a la Corte de Apelaciones de Puerto Montt, para participar en el D\u00eda de los Patrimonios programado especialmente para ellos, en el marco del Cincuentenario del tribunal de alzada.<\/p>\n\n\n\n<p>La jornada respondi\u00f3 a la convocatoria realizada por el Ministerio de las Culturas, las Artes y el Patrimonio a lo largo del pa\u00eds, en la cual el Poder Judicial estuvo representado por la Corte Suprema, en Santiago y la Corte de Apelaciones de Puerto Montt, con la finalidad de acercar la labor de administraci\u00f3n de justicia a las nuevas generaciones.<\/p>\n\n\n\n<p>El evento contempl\u00f3 dos funciones de cuentacuentos, donde los alegres y entusiastas personajes de \u201cAlicia en el pa\u00eds de las maravillas\u201d, El Sombrerero Loco y el Conejo, interpretados por la jueza del Juzgado de Familia de Puerto Montt, Alejandra Sep\u00falveda y el juez del Juzgado de Garant\u00eda de la comuna, Rolando D\u00edaz, respectivamente, narraron al p\u00fablico infantil los cuentos \u201cMaleku, el mono Congo\u201d, de la escritora Mar\u00eda Jos\u00e9 Castro; \u201cEl m\u00e1s poderoso\u201d y \u201cMi d\u00eda de suerte\u201d, de Keiko Kasza, y \u201cLa princesa rebelde\u201d, de Anna Kemp.<\/p>\n\n\n\n<p>Entre las sorpresas de la jornada, tambi\u00e9n arribaron a la Corte de Puerto Montt en representaci\u00f3n de Carabineros, el delegado del Cuadrante 1, sargento primero Gerardo Galaz y el delegado del Cuadrante 2 de la Segunda Comisar\u00eda, cabo segundo Esteban Llanqu\u00edn, junto al personaje Canito, quien mostr\u00f3 sus habilidades como perro policial e interactu\u00f3 con el p\u00fablico infantil.<\/p>\n","protected":false},"excerpt":{"rendered":"<p>Una alegre jornada vivieron las ni\u00f1as, ni\u00f1os, adolescentes y familias que llegaron hoy -s\u00e1bado 16 de noviembre- a la Corte de Apelaciones de Puerto Montt, para participar en el D\u00eda..<\/p>\n","protected":false},"author":2,"featured_media":4831,"comment_status":"closed","ping_status":"open","sticky":false,"template":"","format":"standard","meta":{"footnotes":""},"categories":[1,28],"tags":[],"class_list":["post-4830","post","type-post","status-publish","format-standard","has-post-thumbnail","hentry","category-acontecer","category-actual"],"rttpg_featured_image_url":{"full":["https:\/\/elconquistadorredloslagos.cl\/test\/wp-content\/uploads\/2024\/11\/poderjudicial.png",1920,1080,false],"landscape":["https:\/\/elconquistadorredloslagos.cl\/test\/wp-content\/uploads\/2024\/11\/poderjudicial.png",1920,1080,false],"portraits":["https:\/\/elconquistadorredloslagos.cl\/test\/wp-content\/uploads\/2024\/11\/poderjudicial.png",1920,1080,false],"thumbnail":["https:\/\/elconquistadorredloslagos.cl\/test\/wp-content\/uploads\/2024\/11\/poderjudicial-150x150.png",150,150,true],"medium":["https:\/\/elconquistadorredloslagos.cl\/test\/wp-content\/uploads\/2024\/11\/poderjudicial-300x169.png",300,169,true],"large":["https:\/\/elconquistadorredloslagos.cl\/test\/wp-content\/uploads\/2024\/11\/poderjudicial-1024x576.png",1024,576,true],"1536x1536":["https:\/\/elconquistadorredloslagos.cl\/test\/wp-content\/uploads\/2024\/11\/poderjudicial-1536x864.png",1536,864,true],"2048x2048":["https:\/\/elconquistadorredloslagos.cl\/test\/wp-content\/uploads\/2024\/11\/poderjudicial.png",1920,1080,false]},"rttpg_author":{"display_name":"ccardenas","author_link":"https:\/\/elconquistadorredloslagos.cl\/test\/blog\/author\/ccardenas\/"},"rttpg_comment":0,"rttpg_category":"<a href=\"https:\/\/elconquistadorredloslagos.cl\/test\/blog\/category\/actual\/acontecer\/\" rel=\"category tag\">Acontecer<\/a> <a href=\"https:\/\/elconquistadorredloslagos.cl\/test\/blog\/category\/actual\/\" rel=\"category tag\">Actualidad<\/a>","rttpg_excerpt":"Una alegre jornada vivieron las ni\u00f1as, ni\u00f1os, adolescentes y familias que llegaron hoy -s\u00e1bado 16 de noviembre- a la Corte de Apelaciones de Puerto Montt, para participar en el D\u00eda..","_links":{"self":[{"href":"https:\/\/elconquistadorredloslagos.cl\/test\/wp-json\/wp\/v2\/posts\/4830","targetHints":{"allow":["GET"]}}],"collection":[{"href":"https:\/\/elconquistadorredloslagos.cl\/test\/wp-json\/wp\/v2\/posts"}],"about":[{"href":"https:\/\/elconquistadorredloslagos.cl\/test\/wp-json\/wp\/v2\/types\/post"}],"author":[{"embeddable":true,"href":"https:\/\/elconquistadorredloslagos.cl\/test\/wp-json\/wp\/v2\/users\/2"}],"replies":[{"embeddable":true,"href":"https:\/\/elconquistadorredloslagos.cl\/test\/wp-json\/wp\/v2\/comments?post=4830"}],"version-history":[{"count":1,"href":"https:\/\/elconquistadorredloslagos.cl\/test\/wp-json\/wp\/v2\/posts\/4830\/revisions"}],"predecessor-version":[{"id":4832,"href":"https:\/\/elconquistadorredloslagos.cl\/test\/wp-json\/wp\/v2\/posts\/4830\/revisions\/4832"}],"wp:featuredmedia":[{"embeddable":true,"href":"https:\/\/elconquistadorredloslagos.cl\/test\/wp-json\/wp\/v2\/media\/4831"}],"wp:attachment":[{"href":"https:\/\/elconquistadorredloslagos.cl\/test\/wp-json\/wp\/v2\/media?parent=4830"}],"wp:term":[{"taxonomy":"category","embeddable":true,"href":"https:\/\/elconquistadorredloslagos.cl\/test\/wp-json\/wp\/v2\/categories?post=4830"},{"taxonomy":"post_tag","embeddable":true,"href":"https:\/\/elconquistadorredloslagos.cl\/test\/wp-json\/wp\/v2\/tags?post=4830"}],"curies":[{"name":"wp","href":"https:\/\/api.w.org\/{rel}","templated":true}]}}