{"id":4826,"date":"2024-11-18T10:07:32","date_gmt":"2024-11-18T13:07:32","guid":{"rendered":"https:\/\/elconquistadorredloslagos.cl\/test\/?p=4826"},"modified":"2024-11-18T10:07:33","modified_gmt":"2024-11-18T13:07:33","slug":"alcalde-marcos-vargas-oyarzun-anuncia-dos-importantes-nuevos-proyectos-para-el-borde-costero-de-queilen","status":"publish","type":"post","link":"https:\/\/elconquistadorredloslagos.cl\/test\/blog\/2024\/11\/18\/alcalde-marcos-vargas-oyarzun-anuncia-dos-importantes-nuevos-proyectos-para-el-borde-costero-de-queilen\/","title":{"rendered":"Alcalde Marcos Vargas Oyarz\u00fan anuncia dos importantes nuevos proyectos para el borde costero de Queilen"},"content":{"rendered":"\n<p>El Alcalde de Queilen, Marcos Vargas Oyarz\u00fan, expres\u00f3 su satisfacci\u00f3n por los avances en las gestiones con el Ministerio de Obras P\u00fablicas, que beneficiar\u00e1n significativamente a la comuna. En una reciente reuni\u00f3n con Ricardo Trigo, Director Nacional de Obras Portuarias, entidad dependiente del Ministerio de Obras P\u00fablicas, el edil recibi\u00f3 confirmaci\u00f3n sobre dos importantes proyectos que comenzaran a desarrollarse durante el a\u00f1o 2025.<\/p>\n\n\n\n<figure class=\"wp-block-audio\"><audio controls src=\"https:\/\/elconquistadorredloslagos.cl\/test\/wp-content\/uploads\/2024\/11\/CUNA-MARCOS-VARGAS.mp3\"><\/audio><\/figure>\n\n\n\n<p>Estos proyectos, que fortalecer\u00e1n la infraestructura costera de la comuna, se consideran un paso importante para el desarrollo integral de la zona urbana de Queilen, mejorando la seguridad y la calidad tur\u00edstica de la localidad, un aspecto fundamental para su crecimiento y proyecci\u00f3n en el futuro. La implementaci\u00f3n de estas iniciativas marcar\u00e1n un antes y un despu\u00e9s en la historia de la ciudad de Queilen, consolidando su borde costero como un atractivo tur\u00edstico m\u00e1s seguro y accesible para residentes y visitantes.<\/p>\n","protected":false},"excerpt":{"rendered":"<p>El Alcalde de Queilen, Marcos Vargas Oyarz\u00fan, expres\u00f3 su satisfacci\u00f3n por los avances en las gestiones con el Ministerio de Obras P\u00fablicas, que beneficiar\u00e1n significativamente a la comuna. En una..<\/p>\n","protected":false},"author":2,"featured_media":4828,"comment_status":"closed","ping_status":"open","sticky":false,"template":"","format":"standard","meta":{"footnotes":""},"categories":[28],"tags":[],"class_list":["post-4826","post","type-post","status-publish","format-standard","has-post-thumbnail","hentry","category-actual"],"rttpg_featured_image_url":{"full":["https:\/\/elconquistadorredloslagos.cl\/test\/wp-content\/uploads\/2024\/11\/marcosvargasok.png",1920,1080,false],"landscape":["https:\/\/elconquistadorredloslagos.cl\/test\/wp-content\/uploads\/2024\/11\/marcosvargasok.png",1920,1080,false],"portraits":["https:\/\/elconquistadorredloslagos.cl\/test\/wp-content\/uploads\/2024\/11\/marcosvargasok.png",1920,1080,false],"thumbnail":["https:\/\/elconquistadorredloslagos.cl\/test\/wp-content\/uploads\/2024\/11\/marcosvargasok-150x150.png",150,150,true],"medium":["https:\/\/elconquistadorredloslagos.cl\/test\/wp-content\/uploads\/2024\/11\/marcosvargasok-300x169.png",300,169,true],"large":["https:\/\/elconquistadorredloslagos.cl\/test\/wp-content\/uploads\/2024\/11\/marcosvargasok-1024x576.png",1024,576,true],"1536x1536":["https:\/\/elconquistadorredloslagos.cl\/test\/wp-content\/uploads\/2024\/11\/marcosvargasok-1536x864.png",1536,864,true],"2048x2048":["https:\/\/elconquistadorredloslagos.cl\/test\/wp-content\/uploads\/2024\/11\/marcosvargasok.png",1920,1080,false]},"rttpg_author":{"display_name":"ccardenas","author_link":"https:\/\/elconquistadorredloslagos.cl\/test\/blog\/author\/ccardenas\/"},"rttpg_comment":0,"rttpg_category":"<a href=\"https:\/\/elconquistadorredloslagos.cl\/test\/blog\/category\/actual\/\" rel=\"category tag\">Actualidad<\/a>","rttpg_excerpt":"El Alcalde de Queilen, Marcos Vargas Oyarz\u00fan, expres\u00f3 su satisfacci\u00f3n por los avances en las gestiones con el Ministerio de Obras P\u00fablicas, que beneficiar\u00e1n significativamente a la comuna. En una..","_links":{"self":[{"href":"https:\/\/elconquistadorredloslagos.cl\/test\/wp-json\/wp\/v2\/posts\/4826","targetHints":{"allow":["GET"]}}],"collection":[{"href":"https:\/\/elconquistadorredloslagos.cl\/test\/wp-json\/wp\/v2\/posts"}],"about":[{"href":"https:\/\/elconquistadorredloslagos.cl\/test\/wp-json\/wp\/v2\/types\/post"}],"author":[{"embeddable":true,"href":"https:\/\/elconquistadorredloslagos.cl\/test\/wp-json\/wp\/v2\/users\/2"}],"replies":[{"embeddable":true,"href":"https:\/\/elconquistadorredloslagos.cl\/test\/wp-json\/wp\/v2\/comments?post=4826"}],"version-history":[{"count":1,"href":"https:\/\/elconquistadorredloslagos.cl\/test\/wp-json\/wp\/v2\/posts\/4826\/revisions"}],"predecessor-version":[{"id":4829,"href":"https:\/\/elconquistadorredloslagos.cl\/test\/wp-json\/wp\/v2\/posts\/4826\/revisions\/4829"}],"wp:featuredmedia":[{"embeddable":true,"href":"https:\/\/elconquistadorredloslagos.cl\/test\/wp-json\/wp\/v2\/media\/4828"}],"wp:attachment":[{"href":"https:\/\/elconquistadorredloslagos.cl\/test\/wp-json\/wp\/v2\/media?parent=4826"}],"wp:term":[{"taxonomy":"category","embeddable":true,"href":"https:\/\/elconquistadorredloslagos.cl\/test\/wp-json\/wp\/v2\/categories?post=4826"},{"taxonomy":"post_tag","embeddable":true,"href":"https:\/\/elconquistadorredloslagos.cl\/test\/wp-json\/wp\/v2\/tags?post=4826"}],"curies":[{"name":"wp","href":"https:\/\/api.w.org\/{rel}","templated":true}]}}