{"id":4803,"date":"2024-11-15T12:43:19","date_gmt":"2024-11-15T15:43:19","guid":{"rendered":"https:\/\/elconquistadorredloslagos.cl\/test\/?p=4803"},"modified":"2024-11-15T12:43:20","modified_gmt":"2024-11-15T15:43:20","slug":"clubes-de-puerto-montt-y-llanquihue-sumaron-medallas-en-nacional-de-remo-de-asociaciones","status":"publish","type":"post","link":"https:\/\/elconquistadorredloslagos.cl\/test\/blog\/2024\/11\/15\/clubes-de-puerto-montt-y-llanquihue-sumaron-medallas-en-nacional-de-remo-de-asociaciones\/","title":{"rendered":"Clubes de Puerto Montt y Llanquihue sumaron medallas en Nacional de Remo de Asociaciones"},"content":{"rendered":"\n<p>Con un t\u00edtulo nacional, cuatro vicecampeonatos y ocho medallas de bronce termin\u00f3 la expedici\u00f3n del representativo regional de la Asociaci\u00f3n de Remo Archipi\u00e9lago en el reciente Campeonato Nacional que tuvo lugar en la Laguna Chica de San Pedro de la Paz.<\/p>\n\n\n\n<p>La delegaci\u00f3n local compuesta por deportistas de los clubes Viento y Marea, Estrella Blanca, Regatas Puerto Montt y Viento Sur de Llanquihue, fueron parte del torneo en el que rivalizaron contra las selecciones de las asociaciones del Biob\u00edo y Austral de Los R\u00edos. Esta \u00faltima se alz\u00f3 con la corona nacional del certamen.<\/p>\n\n\n\n<p>En la competencia organizada por la Federaci\u00f3n Chilena de Remo, la Asociaci\u00f3n Archipi\u00e9lago logr\u00f3 el oro en Cuatro Cadetes masculino, equipo que estuvo conformado por Joaqu\u00edn Beroiza, Joaqu\u00edn Co\u00f1uecar, Clemente Grob y Ferm\u00edn Ram\u00edrez.<\/p>\n\n\n\n<p>Tambi\u00e9n el combinado de la Regi\u00f3n de Los Lagos sum\u00f3 vicecampeonatos nacionales en el bote 8 con Timonel Juvenil femenino con las competidoras Felipa Rosas, Olivia Sharon, Isidora Gonz\u00e1lez, Emilia Ojeda, Victoria Gonz\u00e1lez, Isidora Aravena, B\u00e1rbara Subiabre, Josefa C\u00e1ceres y timonel Carmen Gloria Bustos.<\/p>\n\n\n\n<p>En el Cuatro infantil femenino termin\u00f3 segunda la tripulaci\u00f3n de Katherina Guti\u00e9rrez, Claudia Villalobos, Sof\u00eda Opitz y Gabriela Grand\u00f3n, mientras que sumaron la presea de plata el Cuatro Juvenil femenino de Felipa Rosas, Olivia Sharon, Isidora Gonz\u00e1lez y Emilia Ojeda.<\/p>\n","protected":false},"excerpt":{"rendered":"<p>Con un t\u00edtulo nacional, cuatro vicecampeonatos y ocho medallas de bronce termin\u00f3 la expedici\u00f3n del representativo regional de la Asociaci\u00f3n de Remo Archipi\u00e9lago en el reciente Campeonato Nacional que tuvo..<\/p>\n","protected":false},"author":2,"featured_media":4804,"comment_status":"closed","ping_status":"open","sticky":false,"template":"","format":"standard","meta":{"footnotes":""},"categories":[1,28],"tags":[],"class_list":["post-4803","post","type-post","status-publish","format-standard","has-post-thumbnail","hentry","category-acontecer","category-actual"],"rttpg_featured_image_url":{"full":["https:\/\/elconquistadorredloslagos.cl\/test\/wp-content\/uploads\/2024\/11\/Remo.png",1920,1080,false],"landscape":["https:\/\/elconquistadorredloslagos.cl\/test\/wp-content\/uploads\/2024\/11\/Remo.png",1920,1080,false],"portraits":["https:\/\/elconquistadorredloslagos.cl\/test\/wp-content\/uploads\/2024\/11\/Remo.png",1920,1080,false],"thumbnail":["https:\/\/elconquistadorredloslagos.cl\/test\/wp-content\/uploads\/2024\/11\/Remo-150x150.png",150,150,true],"medium":["https:\/\/elconquistadorredloslagos.cl\/test\/wp-content\/uploads\/2024\/11\/Remo-300x169.png",300,169,true],"large":["https:\/\/elconquistadorredloslagos.cl\/test\/wp-content\/uploads\/2024\/11\/Remo-1024x576.png",1024,576,true],"1536x1536":["https:\/\/elconquistadorredloslagos.cl\/test\/wp-content\/uploads\/2024\/11\/Remo-1536x864.png",1536,864,true],"2048x2048":["https:\/\/elconquistadorredloslagos.cl\/test\/wp-content\/uploads\/2024\/11\/Remo.png",1920,1080,false]},"rttpg_author":{"display_name":"ccardenas","author_link":"https:\/\/elconquistadorredloslagos.cl\/test\/blog\/author\/ccardenas\/"},"rttpg_comment":0,"rttpg_category":"<a href=\"https:\/\/elconquistadorredloslagos.cl\/test\/blog\/category\/actual\/acontecer\/\" rel=\"category tag\">Acontecer<\/a> <a href=\"https:\/\/elconquistadorredloslagos.cl\/test\/blog\/category\/actual\/\" rel=\"category tag\">Actualidad<\/a>","rttpg_excerpt":"Con un t\u00edtulo nacional, cuatro vicecampeonatos y ocho medallas de bronce termin\u00f3 la expedici\u00f3n del representativo regional de la Asociaci\u00f3n de Remo Archipi\u00e9lago en el reciente Campeonato Nacional que tuvo..","_links":{"self":[{"href":"https:\/\/elconquistadorredloslagos.cl\/test\/wp-json\/wp\/v2\/posts\/4803","targetHints":{"allow":["GET"]}}],"collection":[{"href":"https:\/\/elconquistadorredloslagos.cl\/test\/wp-json\/wp\/v2\/posts"}],"about":[{"href":"https:\/\/elconquistadorredloslagos.cl\/test\/wp-json\/wp\/v2\/types\/post"}],"author":[{"embeddable":true,"href":"https:\/\/elconquistadorredloslagos.cl\/test\/wp-json\/wp\/v2\/users\/2"}],"replies":[{"embeddable":true,"href":"https:\/\/elconquistadorredloslagos.cl\/test\/wp-json\/wp\/v2\/comments?post=4803"}],"version-history":[{"count":1,"href":"https:\/\/elconquistadorredloslagos.cl\/test\/wp-json\/wp\/v2\/posts\/4803\/revisions"}],"predecessor-version":[{"id":4805,"href":"https:\/\/elconquistadorredloslagos.cl\/test\/wp-json\/wp\/v2\/posts\/4803\/revisions\/4805"}],"wp:featuredmedia":[{"embeddable":true,"href":"https:\/\/elconquistadorredloslagos.cl\/test\/wp-json\/wp\/v2\/media\/4804"}],"wp:attachment":[{"href":"https:\/\/elconquistadorredloslagos.cl\/test\/wp-json\/wp\/v2\/media?parent=4803"}],"wp:term":[{"taxonomy":"category","embeddable":true,"href":"https:\/\/elconquistadorredloslagos.cl\/test\/wp-json\/wp\/v2\/categories?post=4803"},{"taxonomy":"post_tag","embeddable":true,"href":"https:\/\/elconquistadorredloslagos.cl\/test\/wp-json\/wp\/v2\/tags?post=4803"}],"curies":[{"name":"wp","href":"https:\/\/api.w.org\/{rel}","templated":true}]}}