{"id":4795,"date":"2024-11-15T11:09:52","date_gmt":"2024-11-15T14:09:52","guid":{"rendered":"https:\/\/elconquistadorredloslagos.cl\/test\/?p=4795"},"modified":"2024-11-15T11:16:08","modified_gmt":"2024-11-15T14:16:08","slug":"condenan-a-patron-de-embarcacion-de-calbuco-operando-sin-autorizacion-en-aysen","status":"publish","type":"post","link":"https:\/\/elconquistadorredloslagos.cl\/test\/blog\/2024\/11\/15\/condenan-a-patron-de-embarcacion-de-calbuco-operando-sin-autorizacion-en-aysen\/","title":{"rendered":"Condenan a patr\u00f3n de embarcaci\u00f3n de Calbuco por operar sin autorizaci\u00f3n en Ays\u00e9n"},"content":{"rendered":"\n<p>Una embarcaci\u00f3n proveniente de la comuna de Calbuco, en la regi\u00f3n de Los Lagos, se encontraba operando sin autorizaci\u00f3n en aguas de la regi\u00f3n de Ays\u00e9n, seg\u00fan la informaci\u00f3n de Sernapesca.<\/p>\n\n\n\n<p>Ante ello, la Corte de Apelaciones de Coyhaique conden\u00f3 al patr\u00f3n de esta nave al pago de una multa en calidad de reincidente, por la captura de especies sin autorizaci\u00f3n en una zona no autorizada y por no presentar informaci\u00f3n requerida por personal fiscalizador.<\/p>\n\n\n\n<p>Originalmente, el Juzgado de Letras y Garant\u00eda de Puerto Ays\u00e9n hab\u00eda aplicado la multa sin considerar que el infractor era reincidente, por lo que, Sernapesca present\u00f3 un recurso de apelaci\u00f3n, solicitando que se considerara esa condici\u00f3n.<\/p>\n\n\n\n<p>De este modo, la Corte de Apelaciones de Coyhaique aplic\u00f3 y reafirm\u00f3 el concepto del art\u00edculo 108 A de la Ley General de Pesca, el que define reincidencia como la repetici\u00f3n de infracciones a las normas de la ley o a las medidas de administraci\u00f3n pesquera dentro de un plazo de dos a\u00f1os desde la ejecuci\u00f3n de una sentencia anterior.<\/p>\n\n\n\n<p>La reincidencia, seg\u00fan la ley, implica que se deben duplicar las sanciones. Con esta consideraci\u00f3n el denunciado debe pagar dentro del plazo de 10 d\u00edas la suma de 799 mil 536 pesos, sentencia que destac\u00f3 Daniela Leiva, directora regional de Sernapesca Ays\u00e9n.<\/p>\n\n\n\n<p>FOTO: www.sernapesca.cl<\/p>\n","protected":false},"excerpt":{"rendered":"<p>Una embarcaci\u00f3n proveniente de la comuna de Calbuco, en la regi\u00f3n de Los Lagos, se encontraba operando sin autorizaci\u00f3n en aguas de la regi\u00f3n de Ays\u00e9n, seg\u00fan la informaci\u00f3n de..<\/p>\n","protected":false},"author":2,"featured_media":4796,"comment_status":"closed","ping_status":"open","sticky":false,"template":"","format":"standard","meta":{"footnotes":""},"categories":[1,28],"tags":[],"class_list":["post-4795","post","type-post","status-publish","format-standard","has-post-thumbnail","hentry","category-acontecer","category-actual"],"rttpg_featured_image_url":{"full":["https:\/\/elconquistadorredloslagos.cl\/test\/wp-content\/uploads\/2024\/11\/Foto.png",1920,1080,false],"landscape":["https:\/\/elconquistadorredloslagos.cl\/test\/wp-content\/uploads\/2024\/11\/Foto.png",1920,1080,false],"portraits":["https:\/\/elconquistadorredloslagos.cl\/test\/wp-content\/uploads\/2024\/11\/Foto.png",1920,1080,false],"thumbnail":["https:\/\/elconquistadorredloslagos.cl\/test\/wp-content\/uploads\/2024\/11\/Foto-150x150.png",150,150,true],"medium":["https:\/\/elconquistadorredloslagos.cl\/test\/wp-content\/uploads\/2024\/11\/Foto-300x169.png",300,169,true],"large":["https:\/\/elconquistadorredloslagos.cl\/test\/wp-content\/uploads\/2024\/11\/Foto-1024x576.png",1024,576,true],"1536x1536":["https:\/\/elconquistadorredloslagos.cl\/test\/wp-content\/uploads\/2024\/11\/Foto-1536x864.png",1536,864,true],"2048x2048":["https:\/\/elconquistadorredloslagos.cl\/test\/wp-content\/uploads\/2024\/11\/Foto.png",1920,1080,false]},"rttpg_author":{"display_name":"ccardenas","author_link":"https:\/\/elconquistadorredloslagos.cl\/test\/blog\/author\/ccardenas\/"},"rttpg_comment":0,"rttpg_category":"<a href=\"https:\/\/elconquistadorredloslagos.cl\/test\/blog\/category\/actual\/acontecer\/\" rel=\"category tag\">Acontecer<\/a> <a href=\"https:\/\/elconquistadorredloslagos.cl\/test\/blog\/category\/actual\/\" rel=\"category tag\">Actualidad<\/a>","rttpg_excerpt":"Una embarcaci\u00f3n proveniente de la comuna de Calbuco, en la regi\u00f3n de Los Lagos, se encontraba operando sin autorizaci\u00f3n en aguas de la regi\u00f3n de Ays\u00e9n, seg\u00fan la informaci\u00f3n de..","_links":{"self":[{"href":"https:\/\/elconquistadorredloslagos.cl\/test\/wp-json\/wp\/v2\/posts\/4795","targetHints":{"allow":["GET"]}}],"collection":[{"href":"https:\/\/elconquistadorredloslagos.cl\/test\/wp-json\/wp\/v2\/posts"}],"about":[{"href":"https:\/\/elconquistadorredloslagos.cl\/test\/wp-json\/wp\/v2\/types\/post"}],"author":[{"embeddable":true,"href":"https:\/\/elconquistadorredloslagos.cl\/test\/wp-json\/wp\/v2\/users\/2"}],"replies":[{"embeddable":true,"href":"https:\/\/elconquistadorredloslagos.cl\/test\/wp-json\/wp\/v2\/comments?post=4795"}],"version-history":[{"count":2,"href":"https:\/\/elconquistadorredloslagos.cl\/test\/wp-json\/wp\/v2\/posts\/4795\/revisions"}],"predecessor-version":[{"id":4799,"href":"https:\/\/elconquistadorredloslagos.cl\/test\/wp-json\/wp\/v2\/posts\/4795\/revisions\/4799"}],"wp:featuredmedia":[{"embeddable":true,"href":"https:\/\/elconquistadorredloslagos.cl\/test\/wp-json\/wp\/v2\/media\/4796"}],"wp:attachment":[{"href":"https:\/\/elconquistadorredloslagos.cl\/test\/wp-json\/wp\/v2\/media?parent=4795"}],"wp:term":[{"taxonomy":"category","embeddable":true,"href":"https:\/\/elconquistadorredloslagos.cl\/test\/wp-json\/wp\/v2\/categories?post=4795"},{"taxonomy":"post_tag","embeddable":true,"href":"https:\/\/elconquistadorredloslagos.cl\/test\/wp-json\/wp\/v2\/tags?post=4795"}],"curies":[{"name":"wp","href":"https:\/\/api.w.org\/{rel}","templated":true}]}}