{"id":4789,"date":"2024-11-15T10:53:39","date_gmt":"2024-11-15T13:53:39","guid":{"rendered":"https:\/\/elconquistadorredloslagos.cl\/test\/?p=4789"},"modified":"2024-11-15T10:53:40","modified_gmt":"2024-11-15T13:53:40","slug":"del-servicio-salud-chiloe-llaman-a-inmunizar-a-lactantes-con-la-dosis-de-refuerzo-de-la-vacuna-meningococica-recombinante","status":"publish","type":"post","link":"https:\/\/elconquistadorredloslagos.cl\/test\/blog\/2024\/11\/15\/del-servicio-salud-chiloe-llaman-a-inmunizar-a-lactantes-con-la-dosis-de-refuerzo-de-la-vacuna-meningococica-recombinante\/","title":{"rendered":"Del Servicio Salud Chilo\u00e9 llaman a inmunizar a lactantes con la dosis de refuerzo de la vacuna meningoc\u00f3cica recombinante"},"content":{"rendered":"\n<p>Luego que desde el Ministerio de Salud anunciara la incorporaci\u00f3n de la dosis de refuerzo de la vacuna meningoc\u00f3cica recombinante serogrupo B al Programa Nacional de Inmunizaciones (PNI), a partir del 1 de noviembre, desde el Servicio Salud Chilo\u00e9, el referente del Programa Nacional de Inmunizaciones Mat\u00edas Contreras, llam\u00f3 a los padres y cuidadores a llevar a sus hijos a sus centros de salud m\u00e1s cercanos e inmunizarse con el refuerzo de esta vacuna que previene infecciones graves, hospitalizaciones o incluso fallecimientos, puesto que los grupos m\u00e1s afectados por este tipo de infecciones son los ni\u00f1os menores de 1 a\u00f1o y en menor proporci\u00f3n, escolares y adolescentes.<\/p>\n\n\n\n<p>Con la incorporaci\u00f3n de la vacuna recombinante contra el meningococo B, se ampl\u00eda el rango de protecci\u00f3n contra esta enfermedad. La dosis de refuerzo ser\u00e1 administrada de manera gratuita a los lactantes de 18 meses de edad que cuenten con su esquema primario de dos dosis de esta vacuna, administradas a los 2 y 4 meses de edad, es decir, se agrega el refuerzo de la vacuna meningoc\u00f3cica&nbsp; recombinante del serogrupo B , que protege contra el meningococo, una de las bacterias que causa la mayor cantidad de casos de meningitis en el todo el mundo (inflamaci\u00f3n de las membranas que recubren el cerebro, el cerebelo y la m\u00e9dula \u00f3sea).<\/p>\n\n\n\n<p>\u201cEsta cohorte corresponde a todos los lactantes nacidos a partir del 1 de mayo del 2023 los cuales, a los dos meses de vida, recibieron la primera dosis de vacuna meningococo serogrupo b y a los 4 meses recibieron la segunda dosis. El llamado es que mantengamos al d\u00eda las inmunizaciones de nuestros lactantes, para as\u00ed evitar complicaciones ante algunas de estas patolog\u00edas inmunoprevenibles, ya que, debido a su alta letalidad, es super importante que mantengamos inmunizados a todos nuestros lactantes con la incorporaci\u00f3n de este refuerzo de los 18 meses\u201d, se\u00f1al\u00f3 el enfermero.<\/p>\n","protected":false},"excerpt":{"rendered":"<p>Luego que desde el Ministerio de Salud anunciara la incorporaci\u00f3n de la dosis de refuerzo de la vacuna meningoc\u00f3cica recombinante serogrupo B al Programa Nacional de Inmunizaciones (PNI), a partir..<\/p>\n","protected":false},"author":2,"featured_media":4790,"comment_status":"closed","ping_status":"open","sticky":false,"template":"","format":"standard","meta":{"footnotes":""},"categories":[28],"tags":[],"class_list":["post-4789","post","type-post","status-publish","format-standard","has-post-thumbnail","hentry","category-actual"],"rttpg_featured_image_url":{"full":["https:\/\/elconquistadorredloslagos.cl\/test\/wp-content\/uploads\/2024\/11\/SsChiloe-1.png",1920,1080,false],"landscape":["https:\/\/elconquistadorredloslagos.cl\/test\/wp-content\/uploads\/2024\/11\/SsChiloe-1.png",1920,1080,false],"portraits":["https:\/\/elconquistadorredloslagos.cl\/test\/wp-content\/uploads\/2024\/11\/SsChiloe-1.png",1920,1080,false],"thumbnail":["https:\/\/elconquistadorredloslagos.cl\/test\/wp-content\/uploads\/2024\/11\/SsChiloe-1-150x150.png",150,150,true],"medium":["https:\/\/elconquistadorredloslagos.cl\/test\/wp-content\/uploads\/2024\/11\/SsChiloe-1-300x169.png",300,169,true],"large":["https:\/\/elconquistadorredloslagos.cl\/test\/wp-content\/uploads\/2024\/11\/SsChiloe-1-1024x576.png",1024,576,true],"1536x1536":["https:\/\/elconquistadorredloslagos.cl\/test\/wp-content\/uploads\/2024\/11\/SsChiloe-1-1536x864.png",1536,864,true],"2048x2048":["https:\/\/elconquistadorredloslagos.cl\/test\/wp-content\/uploads\/2024\/11\/SsChiloe-1.png",1920,1080,false]},"rttpg_author":{"display_name":"ccardenas","author_link":"https:\/\/elconquistadorredloslagos.cl\/test\/blog\/author\/ccardenas\/"},"rttpg_comment":0,"rttpg_category":"<a href=\"https:\/\/elconquistadorredloslagos.cl\/test\/blog\/category\/actual\/\" rel=\"category tag\">Actualidad<\/a>","rttpg_excerpt":"Luego que desde el Ministerio de Salud anunciara la incorporaci\u00f3n de la dosis de refuerzo de la vacuna meningoc\u00f3cica recombinante serogrupo B al Programa Nacional de Inmunizaciones (PNI), a partir..","_links":{"self":[{"href":"https:\/\/elconquistadorredloslagos.cl\/test\/wp-json\/wp\/v2\/posts\/4789","targetHints":{"allow":["GET"]}}],"collection":[{"href":"https:\/\/elconquistadorredloslagos.cl\/test\/wp-json\/wp\/v2\/posts"}],"about":[{"href":"https:\/\/elconquistadorredloslagos.cl\/test\/wp-json\/wp\/v2\/types\/post"}],"author":[{"embeddable":true,"href":"https:\/\/elconquistadorredloslagos.cl\/test\/wp-json\/wp\/v2\/users\/2"}],"replies":[{"embeddable":true,"href":"https:\/\/elconquistadorredloslagos.cl\/test\/wp-json\/wp\/v2\/comments?post=4789"}],"version-history":[{"count":1,"href":"https:\/\/elconquistadorredloslagos.cl\/test\/wp-json\/wp\/v2\/posts\/4789\/revisions"}],"predecessor-version":[{"id":4791,"href":"https:\/\/elconquistadorredloslagos.cl\/test\/wp-json\/wp\/v2\/posts\/4789\/revisions\/4791"}],"wp:featuredmedia":[{"embeddable":true,"href":"https:\/\/elconquistadorredloslagos.cl\/test\/wp-json\/wp\/v2\/media\/4790"}],"wp:attachment":[{"href":"https:\/\/elconquistadorredloslagos.cl\/test\/wp-json\/wp\/v2\/media?parent=4789"}],"wp:term":[{"taxonomy":"category","embeddable":true,"href":"https:\/\/elconquistadorredloslagos.cl\/test\/wp-json\/wp\/v2\/categories?post=4789"},{"taxonomy":"post_tag","embeddable":true,"href":"https:\/\/elconquistadorredloslagos.cl\/test\/wp-json\/wp\/v2\/tags?post=4789"}],"curies":[{"name":"wp","href":"https:\/\/api.w.org\/{rel}","templated":true}]}}