{"id":4779,"date":"2024-11-15T09:34:18","date_gmt":"2024-11-15T12:34:18","guid":{"rendered":"https:\/\/elconquistadorredloslagos.cl\/test\/?p=4779"},"modified":"2024-11-15T09:34:20","modified_gmt":"2024-11-15T12:34:20","slug":"seremi-de-desarrollo-social-entrego-sello-a-primera-empresa-regional-patrocinante-de-la-red-de-empresas-chile-cuida","status":"publish","type":"post","link":"https:\/\/elconquistadorredloslagos.cl\/test\/blog\/2024\/11\/15\/seremi-de-desarrollo-social-entrego-sello-a-primera-empresa-regional-patrocinante-de-la-red-de-empresas-chile-cuida\/","title":{"rendered":"Seremi de Desarrollo Social entreg\u00f3 sello a primera empresa regional patrocinante de la Red de Empresas Chile Cuida"},"content":{"rendered":"\n<p>En Puerto Montt, con la asistencia de m\u00e1s de 100 personas el Seremi de Desarrollo Social y Familia, Enzo Jaramillo Hott llev\u00f3 a cabo el lanzamiento regional de Chile Cuida, el hito estuvo marcado por la entrega del Sello de Red de Empresas Chile Cuida a Everr\u00e9, empresa de calefacci\u00f3n con sede en Puerto Montt, quienes se convirtieron en la primera empresa regional parte de esta iniciativa de car\u00e1cter nacional.<\/p>\n\n\n\n<p>El lanzamiento de la Campa\u00f1a Chile Cuida se establece como un hito significativo en la implementaci\u00f3n de pol\u00edticas p\u00fablicas enfocadas en el bienestar de las personas cuidadoras.<\/p>\n\n\n\n<p>En la instancia el Seremi inform\u00f3 detalles sobre la Credencial de Personas Cuidadoras, un sistema que facilitar\u00e1 el reconocimiento formal de quienes ejercen el rol de cuidadores, otorgando acceso a beneficios y apoyos. Detall\u00f3 la creaci\u00f3n de Centros Comunitarios de Cuidados, el trabajo que el ministerio se encuentra realizando en las comunas que son parte de la Red Local de Apoyos y Cuidados, la importancia de la Red de Empresas Chile Cuida, present\u00f3 detalles de la Ley de Donaciones con Fines Sociales, un tema de gran relevancia donde el Seremi explic\u00f3 c\u00f3mo las empresas pueden integrarse a este marco legal y qu\u00e9 beneficios pueden recibir a cambio de su participaci\u00f3n.<\/p>\n\n\n\n<p>Durante el balance realizado por el Seremi Jaramillo, destac\u00f3 que a nivel regional se han entregado un total de 7959 credenciales de cuidadoras\/es. De estos 2.049 corresponden a la provincia de Osorno, 4.040 a la provincia de Llanquihue, 1.684 de la provincia de Chilo\u00e9 y 186 de la provincia de Palena.<\/p>\n\n\n\n<p>Hoy la Regi\u00f3n cuenta con un total de 11 Comunas con el Programa de la Red Local de Apoyos y Cuidados, est\u00e1 presente en las cuatro Provincias de la Regi\u00f3n en la comuna de Palena, Quinchao, Curaco de Velez, Quell\u00f3n, Chait\u00e9n, Quemchi, Osorno, Purranque , Los Muermos , Calbuco y Puerto Montt. Iniciativa que cuenta con una inversi\u00f3n de $1.061.947.111.<\/p>\n","protected":false},"excerpt":{"rendered":"<p>En Puerto Montt, con la asistencia de m\u00e1s de 100 personas el Seremi de Desarrollo Social y Familia, Enzo Jaramillo Hott llev\u00f3 a cabo el lanzamiento regional de Chile Cuida,..<\/p>\n","protected":false},"author":2,"featured_media":4780,"comment_status":"closed","ping_status":"open","sticky":false,"template":"","format":"standard","meta":{"footnotes":""},"categories":[1,28],"tags":[],"class_list":["post-4779","post","type-post","status-publish","format-standard","has-post-thumbnail","hentry","category-acontecer","category-actual"],"rttpg_featured_image_url":{"full":["https:\/\/elconquistadorredloslagos.cl\/test\/wp-content\/uploads\/2024\/11\/ABC.png",1920,1080,false],"landscape":["https:\/\/elconquistadorredloslagos.cl\/test\/wp-content\/uploads\/2024\/11\/ABC.png",1920,1080,false],"portraits":["https:\/\/elconquistadorredloslagos.cl\/test\/wp-content\/uploads\/2024\/11\/ABC.png",1920,1080,false],"thumbnail":["https:\/\/elconquistadorredloslagos.cl\/test\/wp-content\/uploads\/2024\/11\/ABC-150x150.png",150,150,true],"medium":["https:\/\/elconquistadorredloslagos.cl\/test\/wp-content\/uploads\/2024\/11\/ABC-300x169.png",300,169,true],"large":["https:\/\/elconquistadorredloslagos.cl\/test\/wp-content\/uploads\/2024\/11\/ABC-1024x576.png",1024,576,true],"1536x1536":["https:\/\/elconquistadorredloslagos.cl\/test\/wp-content\/uploads\/2024\/11\/ABC-1536x864.png",1536,864,true],"2048x2048":["https:\/\/elconquistadorredloslagos.cl\/test\/wp-content\/uploads\/2024\/11\/ABC.png",1920,1080,false]},"rttpg_author":{"display_name":"ccardenas","author_link":"https:\/\/elconquistadorredloslagos.cl\/test\/blog\/author\/ccardenas\/"},"rttpg_comment":0,"rttpg_category":"<a href=\"https:\/\/elconquistadorredloslagos.cl\/test\/blog\/category\/actual\/acontecer\/\" rel=\"category tag\">Acontecer<\/a> <a href=\"https:\/\/elconquistadorredloslagos.cl\/test\/blog\/category\/actual\/\" rel=\"category tag\">Actualidad<\/a>","rttpg_excerpt":"En Puerto Montt, con la asistencia de m\u00e1s de 100 personas el Seremi de Desarrollo Social y Familia, Enzo Jaramillo Hott llev\u00f3 a cabo el lanzamiento regional de Chile Cuida,..","_links":{"self":[{"href":"https:\/\/elconquistadorredloslagos.cl\/test\/wp-json\/wp\/v2\/posts\/4779","targetHints":{"allow":["GET"]}}],"collection":[{"href":"https:\/\/elconquistadorredloslagos.cl\/test\/wp-json\/wp\/v2\/posts"}],"about":[{"href":"https:\/\/elconquistadorredloslagos.cl\/test\/wp-json\/wp\/v2\/types\/post"}],"author":[{"embeddable":true,"href":"https:\/\/elconquistadorredloslagos.cl\/test\/wp-json\/wp\/v2\/users\/2"}],"replies":[{"embeddable":true,"href":"https:\/\/elconquistadorredloslagos.cl\/test\/wp-json\/wp\/v2\/comments?post=4779"}],"version-history":[{"count":1,"href":"https:\/\/elconquistadorredloslagos.cl\/test\/wp-json\/wp\/v2\/posts\/4779\/revisions"}],"predecessor-version":[{"id":4781,"href":"https:\/\/elconquistadorredloslagos.cl\/test\/wp-json\/wp\/v2\/posts\/4779\/revisions\/4781"}],"wp:featuredmedia":[{"embeddable":true,"href":"https:\/\/elconquistadorredloslagos.cl\/test\/wp-json\/wp\/v2\/media\/4780"}],"wp:attachment":[{"href":"https:\/\/elconquistadorredloslagos.cl\/test\/wp-json\/wp\/v2\/media?parent=4779"}],"wp:term":[{"taxonomy":"category","embeddable":true,"href":"https:\/\/elconquistadorredloslagos.cl\/test\/wp-json\/wp\/v2\/categories?post=4779"},{"taxonomy":"post_tag","embeddable":true,"href":"https:\/\/elconquistadorredloslagos.cl\/test\/wp-json\/wp\/v2\/tags?post=4779"}],"curies":[{"name":"wp","href":"https:\/\/api.w.org\/{rel}","templated":true}]}}