{"id":4758,"date":"2024-11-14T13:23:22","date_gmt":"2024-11-14T16:23:22","guid":{"rendered":"https:\/\/elconquistadorredloslagos.cl\/test\/?p=4758"},"modified":"2024-11-14T13:23:22","modified_gmt":"2024-11-14T16:23:22","slug":"pdi-detiene-a-hombre-acusado-de-atacar-a-joven-en-pargua","status":"publish","type":"post","link":"https:\/\/elconquistadorredloslagos.cl\/test\/blog\/2024\/11\/14\/pdi-detiene-a-hombre-acusado-de-atacar-a-joven-en-pargua\/","title":{"rendered":"PDI detiene a hombre acusado de atacar a joven en Pargua"},"content":{"rendered":"\n<p>Detectives de la Brigada de Homicidios de Puerto Montt detuvieron en las \u00faltimas horas a un hombre de 49 a\u00f1os en el marco de una investigaci\u00f3n por el delito de homicidio frustrado, hecho ocurrido el pasado 28 de octubre en Pargua.<\/p>\n\n\n\n<p>De acuerdo a la investigaci\u00f3n, la v\u00edctima corresponde a un hombre de 32 a\u00f1os, quien result\u00f3 con una lesi\u00f3n tras ser atacado con un arma cortante, esto tras una ri\u00f1a ocurrida durante la noche en la v\u00eda p\u00fablica.<\/p>\n\n\n\n<p>Tras realizar diversas diligencias en el sitio del suceso, se logr\u00f3 dar con quien estar\u00eda involucrado en este hecho, logrando su captura en la ciudad de Puerto Montt, de acuerdo a lo que expuso Carlos Correa, jefe de la Brigada de Homicidios de Puerto Montt. &nbsp;<\/p>\n\n\n\n<p>Reiter\u00f3 el oficial de la Polic\u00eda Civil que la v\u00edctima se encuentra internada en el hospital de Puerto Montt con riesgo vital. Respecto al detenido, \u00e9ste mantiene antecedentes policiales por robo y homicidio.<\/p>\n\n\n\n<p>FOTO: (Captura)<\/p>\n","protected":false},"excerpt":{"rendered":"<p>Detectives de la Brigada de Homicidios de Puerto Montt detuvieron en las \u00faltimas horas a un hombre de 49 a\u00f1os en el marco de una investigaci\u00f3n por el delito de..<\/p>\n","protected":false},"author":2,"featured_media":4759,"comment_status":"closed","ping_status":"open","sticky":false,"template":"","format":"standard","meta":{"footnotes":""},"categories":[1,28],"tags":[],"class_list":["post-4758","post","type-post","status-publish","format-standard","has-post-thumbnail","hentry","category-acontecer","category-actual"],"rttpg_featured_image_url":{"full":["https:\/\/elconquistadorredloslagos.cl\/test\/wp-content\/uploads\/2024\/11\/PDI.png",1920,1080,false],"landscape":["https:\/\/elconquistadorredloslagos.cl\/test\/wp-content\/uploads\/2024\/11\/PDI.png",1920,1080,false],"portraits":["https:\/\/elconquistadorredloslagos.cl\/test\/wp-content\/uploads\/2024\/11\/PDI.png",1920,1080,false],"thumbnail":["https:\/\/elconquistadorredloslagos.cl\/test\/wp-content\/uploads\/2024\/11\/PDI-150x150.png",150,150,true],"medium":["https:\/\/elconquistadorredloslagos.cl\/test\/wp-content\/uploads\/2024\/11\/PDI-300x169.png",300,169,true],"large":["https:\/\/elconquistadorredloslagos.cl\/test\/wp-content\/uploads\/2024\/11\/PDI-1024x576.png",1024,576,true],"1536x1536":["https:\/\/elconquistadorredloslagos.cl\/test\/wp-content\/uploads\/2024\/11\/PDI-1536x864.png",1536,864,true],"2048x2048":["https:\/\/elconquistadorredloslagos.cl\/test\/wp-content\/uploads\/2024\/11\/PDI.png",1920,1080,false]},"rttpg_author":{"display_name":"ccardenas","author_link":"https:\/\/elconquistadorredloslagos.cl\/test\/blog\/author\/ccardenas\/"},"rttpg_comment":0,"rttpg_category":"<a href=\"https:\/\/elconquistadorredloslagos.cl\/test\/blog\/category\/actual\/acontecer\/\" rel=\"category tag\">Acontecer<\/a> <a href=\"https:\/\/elconquistadorredloslagos.cl\/test\/blog\/category\/actual\/\" rel=\"category tag\">Actualidad<\/a>","rttpg_excerpt":"Detectives de la Brigada de Homicidios de Puerto Montt detuvieron en las \u00faltimas horas a un hombre de 49 a\u00f1os en el marco de una investigaci\u00f3n por el delito de..","_links":{"self":[{"href":"https:\/\/elconquistadorredloslagos.cl\/test\/wp-json\/wp\/v2\/posts\/4758","targetHints":{"allow":["GET"]}}],"collection":[{"href":"https:\/\/elconquistadorredloslagos.cl\/test\/wp-json\/wp\/v2\/posts"}],"about":[{"href":"https:\/\/elconquistadorredloslagos.cl\/test\/wp-json\/wp\/v2\/types\/post"}],"author":[{"embeddable":true,"href":"https:\/\/elconquistadorredloslagos.cl\/test\/wp-json\/wp\/v2\/users\/2"}],"replies":[{"embeddable":true,"href":"https:\/\/elconquistadorredloslagos.cl\/test\/wp-json\/wp\/v2\/comments?post=4758"}],"version-history":[{"count":1,"href":"https:\/\/elconquistadorredloslagos.cl\/test\/wp-json\/wp\/v2\/posts\/4758\/revisions"}],"predecessor-version":[{"id":4760,"href":"https:\/\/elconquistadorredloslagos.cl\/test\/wp-json\/wp\/v2\/posts\/4758\/revisions\/4760"}],"wp:featuredmedia":[{"embeddable":true,"href":"https:\/\/elconquistadorredloslagos.cl\/test\/wp-json\/wp\/v2\/media\/4759"}],"wp:attachment":[{"href":"https:\/\/elconquistadorredloslagos.cl\/test\/wp-json\/wp\/v2\/media?parent=4758"}],"wp:term":[{"taxonomy":"category","embeddable":true,"href":"https:\/\/elconquistadorredloslagos.cl\/test\/wp-json\/wp\/v2\/categories?post=4758"},{"taxonomy":"post_tag","embeddable":true,"href":"https:\/\/elconquistadorredloslagos.cl\/test\/wp-json\/wp\/v2\/tags?post=4758"}],"curies":[{"name":"wp","href":"https:\/\/api.w.org\/{rel}","templated":true}]}}