{"id":4753,"date":"2024-11-14T11:32:05","date_gmt":"2024-11-14T14:32:05","guid":{"rendered":"https:\/\/elconquistadorredloslagos.cl\/test\/?p=4753"},"modified":"2024-11-14T11:32:05","modified_gmt":"2024-11-14T14:32:05","slug":"alejandro-santana-expreso-su-preocupacion-por-la-reduccion-del-presupuesto-regional-para-2025","status":"publish","type":"post","link":"https:\/\/elconquistadorredloslagos.cl\/test\/blog\/2024\/11\/14\/alejandro-santana-expreso-su-preocupacion-por-la-reduccion-del-presupuesto-regional-para-2025\/","title":{"rendered":"Alejandro Santana expres\u00f3 su preocupaci\u00f3n por la reducci\u00f3n del presupuesto regional para 2025"},"content":{"rendered":"\n<p>El candidato a gobernador regional de Los Lagos, Alejandro Santana, manifest\u00f3 su inquietud ante la reciente decisi\u00f3n del gobierno de recortar en diez mil millones de pesos el presupuesto asignado a la regi\u00f3n para 2025. En una reuni\u00f3n con los consejeros regionales, Santana calific\u00f3 esta medida como \u00abalarmante\u00bb y advirti\u00f3 sobre el impacto negativo que tendr\u00e1 en el desarrollo de proyectos esenciales y en la calidad de vida de los habitantes del territorio. <\/p>\n\n\n\n<p>Durante el encuentro, Santana se\u00f1al\u00f3 que este recorte representa un golpe severo para el presupuesto regional, especialmente en un a\u00f1o en el que resulta vital atender necesidades urgentes en \u00e1reas clave.<\/p>\n\n\n\n<figure class=\"wp-block-audio\"><audio controls src=\"https:\/\/elconquistadorredloslagos.cl\/test\/wp-content\/uploads\/2024\/11\/SANTANA-Y-REUNION-CON-CONSEJEROS-REGIONALES.mp3\"><\/audio><\/figure>\n\n\n\n<p>Tambi\u00e9n destac\u00f3 la importancia del respaldo de los consejeros regionales en este momento crucial. Asegur\u00f3 que su apoyo es esencial para implementar las medidas necesarias y reducir el impacto negativo de la reducci\u00f3n presupuestaria en la regi\u00f3n.<\/p>\n","protected":false},"excerpt":{"rendered":"<p>El candidato a gobernador regional de Los Lagos, Alejandro Santana, manifest\u00f3 su inquietud ante la reciente decisi\u00f3n del gobierno de recortar en diez mil millones de pesos el presupuesto asignado..<\/p>\n","protected":false},"author":2,"featured_media":4755,"comment_status":"closed","ping_status":"open","sticky":false,"template":"","format":"standard","meta":{"footnotes":""},"categories":[1,28],"tags":[],"class_list":["post-4753","post","type-post","status-publish","format-standard","has-post-thumbnail","hentry","category-acontecer","category-actual"],"rttpg_featured_image_url":{"full":["https:\/\/elconquistadorredloslagos.cl\/test\/wp-content\/uploads\/2024\/11\/GORE-1.png",1920,1080,false],"landscape":["https:\/\/elconquistadorredloslagos.cl\/test\/wp-content\/uploads\/2024\/11\/GORE-1.png",1920,1080,false],"portraits":["https:\/\/elconquistadorredloslagos.cl\/test\/wp-content\/uploads\/2024\/11\/GORE-1.png",1920,1080,false],"thumbnail":["https:\/\/elconquistadorredloslagos.cl\/test\/wp-content\/uploads\/2024\/11\/GORE-1-150x150.png",150,150,true],"medium":["https:\/\/elconquistadorredloslagos.cl\/test\/wp-content\/uploads\/2024\/11\/GORE-1-300x169.png",300,169,true],"large":["https:\/\/elconquistadorredloslagos.cl\/test\/wp-content\/uploads\/2024\/11\/GORE-1-1024x576.png",1024,576,true],"1536x1536":["https:\/\/elconquistadorredloslagos.cl\/test\/wp-content\/uploads\/2024\/11\/GORE-1-1536x864.png",1536,864,true],"2048x2048":["https:\/\/elconquistadorredloslagos.cl\/test\/wp-content\/uploads\/2024\/11\/GORE-1.png",1920,1080,false]},"rttpg_author":{"display_name":"ccardenas","author_link":"https:\/\/elconquistadorredloslagos.cl\/test\/blog\/author\/ccardenas\/"},"rttpg_comment":0,"rttpg_category":"<a href=\"https:\/\/elconquistadorredloslagos.cl\/test\/blog\/category\/actual\/acontecer\/\" rel=\"category tag\">Acontecer<\/a> <a href=\"https:\/\/elconquistadorredloslagos.cl\/test\/blog\/category\/actual\/\" rel=\"category tag\">Actualidad<\/a>","rttpg_excerpt":"El candidato a gobernador regional de Los Lagos, Alejandro Santana, manifest\u00f3 su inquietud ante la reciente decisi\u00f3n del gobierno de recortar en diez mil millones de pesos el presupuesto asignado..","_links":{"self":[{"href":"https:\/\/elconquistadorredloslagos.cl\/test\/wp-json\/wp\/v2\/posts\/4753","targetHints":{"allow":["GET"]}}],"collection":[{"href":"https:\/\/elconquistadorredloslagos.cl\/test\/wp-json\/wp\/v2\/posts"}],"about":[{"href":"https:\/\/elconquistadorredloslagos.cl\/test\/wp-json\/wp\/v2\/types\/post"}],"author":[{"embeddable":true,"href":"https:\/\/elconquistadorredloslagos.cl\/test\/wp-json\/wp\/v2\/users\/2"}],"replies":[{"embeddable":true,"href":"https:\/\/elconquistadorredloslagos.cl\/test\/wp-json\/wp\/v2\/comments?post=4753"}],"version-history":[{"count":1,"href":"https:\/\/elconquistadorredloslagos.cl\/test\/wp-json\/wp\/v2\/posts\/4753\/revisions"}],"predecessor-version":[{"id":4756,"href":"https:\/\/elconquistadorredloslagos.cl\/test\/wp-json\/wp\/v2\/posts\/4753\/revisions\/4756"}],"wp:featuredmedia":[{"embeddable":true,"href":"https:\/\/elconquistadorredloslagos.cl\/test\/wp-json\/wp\/v2\/media\/4755"}],"wp:attachment":[{"href":"https:\/\/elconquistadorredloslagos.cl\/test\/wp-json\/wp\/v2\/media?parent=4753"}],"wp:term":[{"taxonomy":"category","embeddable":true,"href":"https:\/\/elconquistadorredloslagos.cl\/test\/wp-json\/wp\/v2\/categories?post=4753"},{"taxonomy":"post_tag","embeddable":true,"href":"https:\/\/elconquistadorredloslagos.cl\/test\/wp-json\/wp\/v2\/tags?post=4753"}],"curies":[{"name":"wp","href":"https:\/\/api.w.org\/{rel}","templated":true}]}}