{"id":4749,"date":"2024-11-14T11:05:02","date_gmt":"2024-11-14T14:05:02","guid":{"rendered":"https:\/\/elconquistadorredloslagos.cl\/test\/?p=4749"},"modified":"2024-11-14T11:05:03","modified_gmt":"2024-11-14T14:05:03","slug":"pdi-detiene-a-exsubsecretario-manuel-monsalve-tras-denuncia-de-violacion","status":"publish","type":"post","link":"https:\/\/elconquistadorredloslagos.cl\/test\/blog\/2024\/11\/14\/pdi-detiene-a-exsubsecretario-manuel-monsalve-tras-denuncia-de-violacion\/","title":{"rendered":"PDI Detiene a exsubsecretario Manuel Monsalve tras denuncia de violaci\u00f3n"},"content":{"rendered":"\n<h5 class=\"wp-block-heading\"><em>Esta ma\u00f1ana, Manuel Monsalve, exsubsecretario del Interior, fue detenido por funcionarios de la Polic\u00eda de Investigaciones (PDI) en su domicilio, en el marco de una investigaci\u00f3n por presuntos delitos de abuso sexual y violaci\u00f3n.<\/em><\/h5>\n\n\n\n<p>La detenci\u00f3n se realiz\u00f3 a primeras horas de este jueves en un operativo en el que tambi\u00e9n estuvo presente el abogado defensor del exfuncionario.<\/p>\n\n\n\n<p>Cabe se\u00f1alar que este caso ha cobrado notoriedad p\u00fablica, especialmente tras una reciente entrevista exclusiva en la que el padre de la presunta v\u00edctima, quien convers\u00f3 con Chilevisi\u00f3n, describiendo el complejo y doloroso proceso que enfrenta su familia, as\u00ed como el impacto de la denuncia en sus vidas.<\/p>\n\n\n\n<p>En dicha entrevista, tambi\u00e9n expres\u00f3 su preocupaci\u00f3n por la posible influencia que Monsalve podr\u00eda ejercer en el caso dada su posici\u00f3n y trayectoria.<\/p>\n\n\n\n<p>Esta detenci\u00f3n se produce un mes despu\u00e9s de que se hiciera p\u00fablica la denuncia, que tuvo como consecuencia la<strong>\u00a0renuncia de Monsalve<\/strong>\u00a0a su cargo en la Subsecretar\u00eda del Interior.<\/p>\n\n\n\n<p>Por Equipo EC RedLosLagos.<\/p>\n","protected":false},"excerpt":{"rendered":"<p>Esta ma\u00f1ana, Manuel Monsalve, exsubsecretario del Interior, fue detenido por funcionarios de la Polic\u00eda de Investigaciones (PDI) en su domicilio, en el marco de una investigaci\u00f3n por presuntos delitos de..<\/p>\n","protected":false},"author":7,"featured_media":4751,"comment_status":"closed","ping_status":"open","sticky":false,"template":"","format":"standard","meta":{"footnotes":""},"categories":[1],"tags":[],"class_list":["post-4749","post","type-post","status-publish","format-standard","has-post-thumbnail","hentry","category-acontecer"],"rttpg_featured_image_url":{"full":["https:\/\/elconquistadorredloslagos.cl\/test\/wp-content\/uploads\/2024\/11\/monsalve-detenido-1.png",1920,1080,false],"landscape":["https:\/\/elconquistadorredloslagos.cl\/test\/wp-content\/uploads\/2024\/11\/monsalve-detenido-1.png",1920,1080,false],"portraits":["https:\/\/elconquistadorredloslagos.cl\/test\/wp-content\/uploads\/2024\/11\/monsalve-detenido-1.png",1920,1080,false],"thumbnail":["https:\/\/elconquistadorredloslagos.cl\/test\/wp-content\/uploads\/2024\/11\/monsalve-detenido-1-150x150.png",150,150,true],"medium":["https:\/\/elconquistadorredloslagos.cl\/test\/wp-content\/uploads\/2024\/11\/monsalve-detenido-1-300x169.png",300,169,true],"large":["https:\/\/elconquistadorredloslagos.cl\/test\/wp-content\/uploads\/2024\/11\/monsalve-detenido-1-1024x576.png",1024,576,true],"1536x1536":["https:\/\/elconquistadorredloslagos.cl\/test\/wp-content\/uploads\/2024\/11\/monsalve-detenido-1-1536x864.png",1536,864,true],"2048x2048":["https:\/\/elconquistadorredloslagos.cl\/test\/wp-content\/uploads\/2024\/11\/monsalve-detenido-1.png",1920,1080,false]},"rttpg_author":{"display_name":"enzodelahoz1988","author_link":"https:\/\/elconquistadorredloslagos.cl\/test\/blog\/author\/enzodelahoz1988\/"},"rttpg_comment":0,"rttpg_category":"<a href=\"https:\/\/elconquistadorredloslagos.cl\/test\/blog\/category\/actual\/acontecer\/\" rel=\"category tag\">Acontecer<\/a>","rttpg_excerpt":"Esta ma\u00f1ana, Manuel Monsalve, exsubsecretario del Interior, fue detenido por funcionarios de la Polic\u00eda de Investigaciones (PDI) en su domicilio, en el marco de una investigaci\u00f3n por presuntos delitos de..","_links":{"self":[{"href":"https:\/\/elconquistadorredloslagos.cl\/test\/wp-json\/wp\/v2\/posts\/4749","targetHints":{"allow":["GET"]}}],"collection":[{"href":"https:\/\/elconquistadorredloslagos.cl\/test\/wp-json\/wp\/v2\/posts"}],"about":[{"href":"https:\/\/elconquistadorredloslagos.cl\/test\/wp-json\/wp\/v2\/types\/post"}],"author":[{"embeddable":true,"href":"https:\/\/elconquistadorredloslagos.cl\/test\/wp-json\/wp\/v2\/users\/7"}],"replies":[{"embeddable":true,"href":"https:\/\/elconquistadorredloslagos.cl\/test\/wp-json\/wp\/v2\/comments?post=4749"}],"version-history":[{"count":1,"href":"https:\/\/elconquistadorredloslagos.cl\/test\/wp-json\/wp\/v2\/posts\/4749\/revisions"}],"predecessor-version":[{"id":4752,"href":"https:\/\/elconquistadorredloslagos.cl\/test\/wp-json\/wp\/v2\/posts\/4749\/revisions\/4752"}],"wp:featuredmedia":[{"embeddable":true,"href":"https:\/\/elconquistadorredloslagos.cl\/test\/wp-json\/wp\/v2\/media\/4751"}],"wp:attachment":[{"href":"https:\/\/elconquistadorredloslagos.cl\/test\/wp-json\/wp\/v2\/media?parent=4749"}],"wp:term":[{"taxonomy":"category","embeddable":true,"href":"https:\/\/elconquistadorredloslagos.cl\/test\/wp-json\/wp\/v2\/categories?post=4749"},{"taxonomy":"post_tag","embeddable":true,"href":"https:\/\/elconquistadorredloslagos.cl\/test\/wp-json\/wp\/v2\/tags?post=4749"}],"curies":[{"name":"wp","href":"https:\/\/api.w.org\/{rel}","templated":true}]}}