{"id":4486,"date":"2024-11-08T10:23:47","date_gmt":"2024-11-08T13:23:47","guid":{"rendered":"https:\/\/elconquistadorredloslagos.cl\/test\/?p=4486"},"modified":"2024-11-08T10:23:49","modified_gmt":"2024-11-08T13:23:49","slug":"calles-de-puerto-montt-seran-reparadas-con-millonaria-iniciativa","status":"publish","type":"post","link":"https:\/\/elconquistadorredloslagos.cl\/test\/blog\/2024\/11\/08\/calles-de-puerto-montt-seran-reparadas-con-millonaria-iniciativa\/","title":{"rendered":"Calles de Puerto Montt ser\u00e1n reparadas con millonaria iniciativa"},"content":{"rendered":"\n<p>Para finales del mes de diciembre estar\u00eda lista la licitaci\u00f3n de un proyecto de conservaci\u00f3n para algunas calles en Puerto Montt y as\u00ed poder reparar ciertos baches presentes en algunos pavimentos de la ciudad.<\/p>\n\n\n\n<p>Se trata de una iniciativa presentada por la Municipalidad de Puerto Montt, que abarca 216 baches en 48 sectores urbanos de la capital regional. Espec\u00edficamente contempla aproximadamente 10 mil 350 metros cuadrados, incluyendo calzadas, veredas, soleras, tapas de c\u00e1maras, canaletas, etc.; la inversi\u00f3n es superior a los mil 500 millones de pesos, provenientes desde el Fondo Nacional de Desarrollo Regional (FNDR).<\/p>\n\n\n\n<p>En los sectores a intervenir est\u00e1n por ejemplo, Mirasol, Chinquihue, Alerce, entre otros. Actualmente se est\u00e1 en el proceso de evaluar las propuestas de los respectivos oferentes, cuyo plazo concluye el pr\u00f3ximo 31 de diciembre del a\u00f1o en curso.<\/p>\n","protected":false},"excerpt":{"rendered":"<p>Para finales del mes de diciembre estar\u00eda lista la licitaci\u00f3n de un proyecto de conservaci\u00f3n para algunas calles en Puerto Montt y as\u00ed poder reparar ciertos baches presentes en algunos..<\/p>\n","protected":false},"author":2,"featured_media":4487,"comment_status":"closed","ping_status":"open","sticky":false,"template":"","format":"standard","meta":{"footnotes":""},"categories":[1,28],"tags":[],"class_list":["post-4486","post","type-post","status-publish","format-standard","has-post-thumbnail","hentry","category-acontecer","category-actual"],"rttpg_featured_image_url":{"full":["https:\/\/elconquistadorredloslagos.cl\/test\/wp-content\/uploads\/2024\/11\/Mirasol.png",1920,1080,false],"landscape":["https:\/\/elconquistadorredloslagos.cl\/test\/wp-content\/uploads\/2024\/11\/Mirasol.png",1920,1080,false],"portraits":["https:\/\/elconquistadorredloslagos.cl\/test\/wp-content\/uploads\/2024\/11\/Mirasol.png",1920,1080,false],"thumbnail":["https:\/\/elconquistadorredloslagos.cl\/test\/wp-content\/uploads\/2024\/11\/Mirasol-150x150.png",150,150,true],"medium":["https:\/\/elconquistadorredloslagos.cl\/test\/wp-content\/uploads\/2024\/11\/Mirasol-300x169.png",300,169,true],"large":["https:\/\/elconquistadorredloslagos.cl\/test\/wp-content\/uploads\/2024\/11\/Mirasol-1024x576.png",1024,576,true],"1536x1536":["https:\/\/elconquistadorredloslagos.cl\/test\/wp-content\/uploads\/2024\/11\/Mirasol-1536x864.png",1536,864,true],"2048x2048":["https:\/\/elconquistadorredloslagos.cl\/test\/wp-content\/uploads\/2024\/11\/Mirasol.png",1920,1080,false]},"rttpg_author":{"display_name":"ccardenas","author_link":"https:\/\/elconquistadorredloslagos.cl\/test\/blog\/author\/ccardenas\/"},"rttpg_comment":0,"rttpg_category":"<a href=\"https:\/\/elconquistadorredloslagos.cl\/test\/blog\/category\/actual\/acontecer\/\" rel=\"category tag\">Acontecer<\/a> <a href=\"https:\/\/elconquistadorredloslagos.cl\/test\/blog\/category\/actual\/\" rel=\"category tag\">Actualidad<\/a>","rttpg_excerpt":"Para finales del mes de diciembre estar\u00eda lista la licitaci\u00f3n de un proyecto de conservaci\u00f3n para algunas calles en Puerto Montt y as\u00ed poder reparar ciertos baches presentes en algunos..","_links":{"self":[{"href":"https:\/\/elconquistadorredloslagos.cl\/test\/wp-json\/wp\/v2\/posts\/4486","targetHints":{"allow":["GET"]}}],"collection":[{"href":"https:\/\/elconquistadorredloslagos.cl\/test\/wp-json\/wp\/v2\/posts"}],"about":[{"href":"https:\/\/elconquistadorredloslagos.cl\/test\/wp-json\/wp\/v2\/types\/post"}],"author":[{"embeddable":true,"href":"https:\/\/elconquistadorredloslagos.cl\/test\/wp-json\/wp\/v2\/users\/2"}],"replies":[{"embeddable":true,"href":"https:\/\/elconquistadorredloslagos.cl\/test\/wp-json\/wp\/v2\/comments?post=4486"}],"version-history":[{"count":1,"href":"https:\/\/elconquistadorredloslagos.cl\/test\/wp-json\/wp\/v2\/posts\/4486\/revisions"}],"predecessor-version":[{"id":4488,"href":"https:\/\/elconquistadorredloslagos.cl\/test\/wp-json\/wp\/v2\/posts\/4486\/revisions\/4488"}],"wp:featuredmedia":[{"embeddable":true,"href":"https:\/\/elconquistadorredloslagos.cl\/test\/wp-json\/wp\/v2\/media\/4487"}],"wp:attachment":[{"href":"https:\/\/elconquistadorredloslagos.cl\/test\/wp-json\/wp\/v2\/media?parent=4486"}],"wp:term":[{"taxonomy":"category","embeddable":true,"href":"https:\/\/elconquistadorredloslagos.cl\/test\/wp-json\/wp\/v2\/categories?post=4486"},{"taxonomy":"post_tag","embeddable":true,"href":"https:\/\/elconquistadorredloslagos.cl\/test\/wp-json\/wp\/v2\/tags?post=4486"}],"curies":[{"name":"wp","href":"https:\/\/api.w.org\/{rel}","templated":true}]}}