{"id":4427,"date":"2024-11-07T11:14:23","date_gmt":"2024-11-07T14:14:23","guid":{"rendered":"https:\/\/elconquistadorredloslagos.cl\/test\/?p=4427"},"modified":"2024-11-07T11:14:24","modified_gmt":"2024-11-07T14:14:24","slug":"seremi-de-gobierno-invita-a-ferias-de-servicios-y-a-escuela-de-formacion-social-en-chiloe","status":"publish","type":"post","link":"https:\/\/elconquistadorredloslagos.cl\/test\/blog\/2024\/11\/07\/seremi-de-gobierno-invita-a-ferias-de-servicios-y-a-escuela-de-formacion-social-en-chiloe\/","title":{"rendered":"Seremi de Gobierno invita a Ferias de Servicios y a Escuela de Formaci\u00f3n Social en Chilo\u00e9"},"content":{"rendered":"\n<p>Danitza Ortiz Viveros, seremi de Gobierno de Los Lagos, invita a la comunidad de las comunas de Dalcahue, Quemchi, Quinchao y Chonchi a actividades que organiza la Divisi\u00f3n de Organizaciones Sociales del Ministerio Secretar\u00eda General de Gobierno.<\/p>\n\n\n\n<p>Hoy entre las 10:30 y las 13:30 horas, se realizar\u00e1 la Feria de Servicios \u201cMovilizados\u201d en el Cuartel de Bomberos de Quemchi. A partir de las 17 horas, se realizar\u00e1 la Escuela de Formaci\u00f3n Social sobre participaci\u00f3n e incidencia en pol\u00edticas en la sede de la Junta de Vecinos Custodio Ampuero de Dalcahue (Alcalde Augusto Barrientos #185).<\/p>\n\n\n\n<p>Ma\u00f1ana, entre las 10:30 y las 13:30 horas, se realizar\u00e1 la Feria de Servicios \u201cMovilizados\u201d en la Plaza de Armas de Quinchao.<\/p>\n\n\n\n<p>El s\u00e1bado entre las 10:30 y las 13:30 horas, se realizar\u00e1 la Feria de Servicios \u201cMovilizados\u201d en la Escuela San Carlos de Chonchi (Pedro Aguirre Cerda #201).<\/p>\n\n\n\n<p>Danitza Ortiz Viveros invit\u00f3 a la comunidad de Chilo\u00e9 a involucrarse en estas actividades indicando que \u201ctodos estos despliegues son para poder acercar el Estado a sus territorios, cada una de las Ferias de Servicio les va a permitir tener acceso a distintos servicios del Estado para renovar carnet de identidad, para resolver dudas con Serviu, para saber acerca del Registro Nacional de Personas Cuidadoras, entre otras cosas\u201d.<\/p>\n\n\n\n<p>Las Ferias de Servicios \u201cMovilizados\u201d incluyen la participaci\u00f3n de servicios p\u00fablicos relevantes para la ciudadan\u00eda como el Programa de Prevenci\u00f3n y Control de VIH\/Sida, la Subsecretar\u00eda de Prevenci\u00f3n del Delito, Clave \u00danica, Serviu, Junaeb, Chile Atiende, Registro Civil, Registro Social de Hogares, Registro de Personas Cuidadoras, entre otros.<\/p>\n","protected":false},"excerpt":{"rendered":"<p>Danitza Ortiz Viveros, seremi de Gobierno de Los Lagos, invita a la comunidad de las comunas de Dalcahue, Quemchi, Quinchao y Chonchi a actividades que organiza la Divisi\u00f3n de Organizaciones..<\/p>\n","protected":false},"author":2,"featured_media":0,"comment_status":"closed","ping_status":"open","sticky":false,"template":"","format":"standard","meta":{"footnotes":""},"categories":[28],"tags":[],"class_list":["post-4427","post","type-post","status-publish","format-standard","hentry","category-actual"],"rttpg_featured_image_url":null,"rttpg_author":{"display_name":"ccardenas","author_link":"https:\/\/elconquistadorredloslagos.cl\/test\/blog\/author\/ccardenas\/"},"rttpg_comment":0,"rttpg_category":"<a href=\"https:\/\/elconquistadorredloslagos.cl\/test\/blog\/category\/actual\/\" rel=\"category tag\">Actualidad<\/a>","rttpg_excerpt":"Danitza Ortiz Viveros, seremi de Gobierno de Los Lagos, invita a la comunidad de las comunas de Dalcahue, Quemchi, Quinchao y Chonchi a actividades que organiza la Divisi\u00f3n de Organizaciones..","_links":{"self":[{"href":"https:\/\/elconquistadorredloslagos.cl\/test\/wp-json\/wp\/v2\/posts\/4427","targetHints":{"allow":["GET"]}}],"collection":[{"href":"https:\/\/elconquistadorredloslagos.cl\/test\/wp-json\/wp\/v2\/posts"}],"about":[{"href":"https:\/\/elconquistadorredloslagos.cl\/test\/wp-json\/wp\/v2\/types\/post"}],"author":[{"embeddable":true,"href":"https:\/\/elconquistadorredloslagos.cl\/test\/wp-json\/wp\/v2\/users\/2"}],"replies":[{"embeddable":true,"href":"https:\/\/elconquistadorredloslagos.cl\/test\/wp-json\/wp\/v2\/comments?post=4427"}],"version-history":[{"count":1,"href":"https:\/\/elconquistadorredloslagos.cl\/test\/wp-json\/wp\/v2\/posts\/4427\/revisions"}],"predecessor-version":[{"id":4429,"href":"https:\/\/elconquistadorredloslagos.cl\/test\/wp-json\/wp\/v2\/posts\/4427\/revisions\/4429"}],"wp:attachment":[{"href":"https:\/\/elconquistadorredloslagos.cl\/test\/wp-json\/wp\/v2\/media?parent=4427"}],"wp:term":[{"taxonomy":"category","embeddable":true,"href":"https:\/\/elconquistadorredloslagos.cl\/test\/wp-json\/wp\/v2\/categories?post=4427"},{"taxonomy":"post_tag","embeddable":true,"href":"https:\/\/elconquistadorredloslagos.cl\/test\/wp-json\/wp\/v2\/tags?post=4427"}],"curies":[{"name":"wp","href":"https:\/\/api.w.org\/{rel}","templated":true}]}}