{"id":4421,"date":"2024-11-07T10:06:37","date_gmt":"2024-11-07T13:06:37","guid":{"rendered":"https:\/\/elconquistadorredloslagos.cl\/test\/?p=4421"},"modified":"2024-11-07T10:06:37","modified_gmt":"2024-11-07T13:06:37","slug":"ancud-con-mucho-optimismo-continua-la-campana-de-busqueda-de-un-gemelo-genetico-para-dante-gomez","status":"publish","type":"post","link":"https:\/\/elconquistadorredloslagos.cl\/test\/blog\/2024\/11\/07\/ancud-con-mucho-optimismo-continua-la-campana-de-busqueda-de-un-gemelo-genetico-para-dante-gomez\/","title":{"rendered":"Ancud: con mucho optimismo contin\u00faa la campa\u00f1a de b\u00fasqueda de un \u201cgemelo gen\u00e9tico\u201d para Dante G\u00f3mez"},"content":{"rendered":"\n<p>Contin\u00faa la campa\u00f1a para la b\u00fasqueda de un \u201cgemelo gen\u00e9tico\u201d para Dante G\u00f3mez, ni\u00f1o ancuditano de un a\u00f1o y 7 meses que requiere cuanto antes un trasplante de c\u00e9lulas madres.<\/p>\n\n\n\n<p>La iniciativa que se ha desarrollado en distintas comunas de la regi\u00f3n de Los Lagos como Puerto Montt, Ancud, Castro y Quell\u00f3n, ha recolectado m\u00e1s de mil muestras a la fecha.<\/p>\n\n\n\n<p>As\u00ed lo relat\u00f3 Margoth Vera, madre de Dante.<\/p>\n\n\n\n<figure class=\"wp-block-audio\"><audio controls src=\"https:\/\/elconquistadorredloslagos.cl\/test\/wp-content\/uploads\/2024\/11\/QUELLON.mp3\"><\/audio><\/figure>\n\n\n\n<p>Junto con ello, esta madre isle\u00f1a enfatiz\u00f3 en que la cruzada no ha cesado junto a los voluntarios de la Fundaci\u00f3n DKMS Chile, a la espera de la llegada de los resultados que se estudiar\u00e1n en Alemania.<\/p>\n\n\n\n<figure class=\"wp-block-audio\"><audio controls src=\"https:\/\/elconquistadorredloslagos.cl\/test\/wp-content\/uploads\/2024\/11\/QUELLON1.mp3\"><\/audio><\/figure>\n\n\n\n<p>Dante &nbsp;padece de Beta Talasemia Mayor, una enfermedad gen\u00e9tica que provoca la necesidad de constantes transfusiones de sangre. Para m\u00e1s informaci\u00f3n se pueden visitar las redes sociales como la fanpage de Facebook: Dante Busca Gemelo Gen\u00e9tico o el Instagran: dante_busca_gemelo_genetivo. Tambi\u00e9n a trav\u00e9s de la web en dkms.cl.<\/p>\n","protected":false},"excerpt":{"rendered":"<p>Contin\u00faa la campa\u00f1a para la b\u00fasqueda de un \u201cgemelo gen\u00e9tico\u201d para Dante G\u00f3mez, ni\u00f1o ancuditano de un a\u00f1o y 7 meses que requiere cuanto antes un trasplante de c\u00e9lulas madres&#8230;<\/p>\n","protected":false},"author":2,"featured_media":4424,"comment_status":"closed","ping_status":"open","sticky":false,"template":"","format":"standard","meta":{"footnotes":""},"categories":[1,28],"tags":[],"class_list":["post-4421","post","type-post","status-publish","format-standard","has-post-thumbnail","hentry","category-acontecer","category-actual"],"rttpg_featured_image_url":{"full":["https:\/\/elconquistadorredloslagos.cl\/test\/wp-content\/uploads\/2024\/11\/DANTE.png",1920,1080,false],"landscape":["https:\/\/elconquistadorredloslagos.cl\/test\/wp-content\/uploads\/2024\/11\/DANTE.png",1920,1080,false],"portraits":["https:\/\/elconquistadorredloslagos.cl\/test\/wp-content\/uploads\/2024\/11\/DANTE.png",1920,1080,false],"thumbnail":["https:\/\/elconquistadorredloslagos.cl\/test\/wp-content\/uploads\/2024\/11\/DANTE-150x150.png",150,150,true],"medium":["https:\/\/elconquistadorredloslagos.cl\/test\/wp-content\/uploads\/2024\/11\/DANTE-300x169.png",300,169,true],"large":["https:\/\/elconquistadorredloslagos.cl\/test\/wp-content\/uploads\/2024\/11\/DANTE-1024x576.png",1024,576,true],"1536x1536":["https:\/\/elconquistadorredloslagos.cl\/test\/wp-content\/uploads\/2024\/11\/DANTE-1536x864.png",1536,864,true],"2048x2048":["https:\/\/elconquistadorredloslagos.cl\/test\/wp-content\/uploads\/2024\/11\/DANTE.png",1920,1080,false]},"rttpg_author":{"display_name":"ccardenas","author_link":"https:\/\/elconquistadorredloslagos.cl\/test\/blog\/author\/ccardenas\/"},"rttpg_comment":0,"rttpg_category":"<a href=\"https:\/\/elconquistadorredloslagos.cl\/test\/blog\/category\/actual\/acontecer\/\" rel=\"category tag\">Acontecer<\/a> <a href=\"https:\/\/elconquistadorredloslagos.cl\/test\/blog\/category\/actual\/\" rel=\"category tag\">Actualidad<\/a>","rttpg_excerpt":"Contin\u00faa la campa\u00f1a para la b\u00fasqueda de un \u201cgemelo gen\u00e9tico\u201d para Dante G\u00f3mez, ni\u00f1o ancuditano de un a\u00f1o y 7 meses que requiere cuanto antes un trasplante de c\u00e9lulas madres...","_links":{"self":[{"href":"https:\/\/elconquistadorredloslagos.cl\/test\/wp-json\/wp\/v2\/posts\/4421","targetHints":{"allow":["GET"]}}],"collection":[{"href":"https:\/\/elconquistadorredloslagos.cl\/test\/wp-json\/wp\/v2\/posts"}],"about":[{"href":"https:\/\/elconquistadorredloslagos.cl\/test\/wp-json\/wp\/v2\/types\/post"}],"author":[{"embeddable":true,"href":"https:\/\/elconquistadorredloslagos.cl\/test\/wp-json\/wp\/v2\/users\/2"}],"replies":[{"embeddable":true,"href":"https:\/\/elconquistadorredloslagos.cl\/test\/wp-json\/wp\/v2\/comments?post=4421"}],"version-history":[{"count":1,"href":"https:\/\/elconquistadorredloslagos.cl\/test\/wp-json\/wp\/v2\/posts\/4421\/revisions"}],"predecessor-version":[{"id":4425,"href":"https:\/\/elconquistadorredloslagos.cl\/test\/wp-json\/wp\/v2\/posts\/4421\/revisions\/4425"}],"wp:featuredmedia":[{"embeddable":true,"href":"https:\/\/elconquistadorredloslagos.cl\/test\/wp-json\/wp\/v2\/media\/4424"}],"wp:attachment":[{"href":"https:\/\/elconquistadorredloslagos.cl\/test\/wp-json\/wp\/v2\/media?parent=4421"}],"wp:term":[{"taxonomy":"category","embeddable":true,"href":"https:\/\/elconquistadorredloslagos.cl\/test\/wp-json\/wp\/v2\/categories?post=4421"},{"taxonomy":"post_tag","embeddable":true,"href":"https:\/\/elconquistadorredloslagos.cl\/test\/wp-json\/wp\/v2\/tags?post=4421"}],"curies":[{"name":"wp","href":"https:\/\/api.w.org\/{rel}","templated":true}]}}