{"id":4418,"date":"2024-11-07T09:27:25","date_gmt":"2024-11-07T12:27:25","guid":{"rendered":"https:\/\/elconquistadorredloslagos.cl\/test\/?p=4418"},"modified":"2024-11-07T14:07:33","modified_gmt":"2024-11-07T17:07:33","slug":"director-de-radio-el-conquistador-es-homenajeado-con-premio-a-la-trayectoria-radial","status":"publish","type":"post","link":"https:\/\/elconquistadorredloslagos.cl\/test\/blog\/2024\/11\/07\/director-de-radio-el-conquistador-es-homenajeado-con-premio-a-la-trayectoria-radial\/","title":{"rendered":"ARCHI premi\u00f3 la trayectoria radial de C\u00e9sar Molfino, director de radio El Conquistador"},"content":{"rendered":"\n<p>Punta Arenas se ha convertido en el epicentro de la radiodifusi\u00f3n chilena esta semana, al reunir a m\u00e1s de un centenar de radiodifusores y propietarios de medios en la Asamblea Nacional de la Asociaci\u00f3n de Radiodifusores de Chile (ARCHI) 2024.<\/p>\n\n\n\n<p>Durante la ceremonia de inauguraci\u00f3n, celebrada anoche en el Teatro Municipal de la ciudad, C\u00e9sar Molfino, director de radio El Conquistador, fue galardonado con el prestigioso Premio a la Trayectoria Radial, un reconocimiento que ARCHI otorga a figuras destacadas del sector. \u201cMe siento muy honrado por este tremendo reconocimiento de mis pares. Es un est\u00edmulo al trabajo serio y responsable que, junto a un gran equipo de profesionales y colaboradores, hemos realizado por m\u00e1s de 60 a\u00f1os. Este est\u00edmulo nos impulsa a seguir trabajando de forma integral para toda nuestra audiencia y auspiciadores\u201d, expres\u00f3 Molfino al recibir el galard\u00f3n.<\/p>\n\n\n\n<p>La subsecretaria general de Gobierno, Nicole Cardoch, tambi\u00e9n particip\u00f3 en la inauguraci\u00f3n, destacando el rol esencial de la radio para las comunidades y el esfuerzo de ARCHI por fomentar un ecosistema informativo descentralizado y cercano a la ciudadan\u00eda. \u201cLa radio llega a todos los rincones de Chile, y este encuentro es un reflejo de nuestro compromiso con los medios locales\u201d, subray\u00f3.<\/p>\n\n\n\n<p>La asamblea, que se extender\u00e1 hasta el 9 de noviembre, abordar\u00e1 temas gremiales y la cuenta anual de ARCHI, adem\u00e1s de incluir mesas de trabajo donde los socios tendr\u00e1n la oportunidad de expresar sus demandas e inquietudes y plantear nuevas propuestas.<\/p>\n\n\n\n<p>En la ceremonia, tambi\u00e9n se reconoci\u00f3 al periodista Ram\u00f3n Ulloa, quien fue nombrado Personaje Radial del A\u00f1o por su significativo aporte a la radiodifusi\u00f3n en Chile. Cristian G\u00e1lvez, presidente de ARCHI, elogi\u00f3 la trayectoria de Molfino y Ulloa, destacando su invaluable labor en el desarrollo de la radio en el pa\u00eds.<\/p>\n\n\n\n<figure class=\"wp-block-video\"><video controls src=\"https:\/\/elconquistadorredloslagos.cl\/test\/md\/entrevistaarchi.mp4\"><\/video><\/figure>\n\n\n\n<p>Con la industria radial enfrentando importantes desaf\u00edos en la era digital, ARCHI reafirma su compromiso de fortalecer la independencia y credibilidad de la radio en Chile, adapt\u00e1ndose a las necesidades cambiantes de la audiencia y preservando su rol como un medio confiable e independiente.<\/p>\n\n\n\n<figure class=\"wp-block-gallery has-nested-images columns-default is-cropped wp-block-gallery-1 is-layout-flex wp-block-gallery-is-layout-flex\">\n<figure class=\"wp-block-image size-large\"><img loading=\"lazy\" decoding=\"async\" width=\"1024\" height=\"576\" data-id=\"4443\" src=\"https:\/\/elconquistadorredloslagos.cl\/test\/wp-content\/uploads\/2024\/11\/Archi2-1-1024x576.png\" alt=\"\" class=\"wp-image-4443\"\/><\/figure>\n\n\n\n<figure class=\"wp-block-image size-large\"><img loading=\"lazy\" decoding=\"async\" width=\"1024\" height=\"576\" data-id=\"4444\" src=\"https:\/\/elconquistadorredloslagos.cl\/test\/wp-content\/uploads\/2024\/11\/Archi3-1-1024x576.png\" alt=\"\" class=\"wp-image-4444\"\/><\/figure>\n<\/figure>\n","protected":false},"excerpt":{"rendered":"<p>Punta Arenas se ha convertido en el epicentro de la radiodifusi\u00f3n chilena esta semana, al reunir a m\u00e1s de un centenar de radiodifusores y propietarios de medios en la Asamblea..<\/p>\n","protected":false},"author":2,"featured_media":4434,"comment_status":"closed","ping_status":"open","sticky":false,"template":"","format":"standard","meta":{"footnotes":""},"categories":[1,28,26,34,25],"tags":[],"class_list":["post-4418","post","type-post","status-publish","format-standard","has-post-thumbnail","hentry","category-acontecer","category-actual","category-comunidad","category-cultura","category-empresas"],"rttpg_featured_image_url":{"full":["https:\/\/elconquistadorredloslagos.cl\/test\/wp-content\/uploads\/2024\/11\/Archi.png",1920,1080,false],"landscape":["https:\/\/elconquistadorredloslagos.cl\/test\/wp-content\/uploads\/2024\/11\/Archi.png",1920,1080,false],"portraits":["https:\/\/elconquistadorredloslagos.cl\/test\/wp-content\/uploads\/2024\/11\/Archi.png",1920,1080,false],"thumbnail":["https:\/\/elconquistadorredloslagos.cl\/test\/wp-content\/uploads\/2024\/11\/Archi-150x150.png",150,150,true],"medium":["https:\/\/elconquistadorredloslagos.cl\/test\/wp-content\/uploads\/2024\/11\/Archi-300x169.png",300,169,true],"large":["https:\/\/elconquistadorredloslagos.cl\/test\/wp-content\/uploads\/2024\/11\/Archi-1024x576.png",1024,576,true],"1536x1536":["https:\/\/elconquistadorredloslagos.cl\/test\/wp-content\/uploads\/2024\/11\/Archi-1536x864.png",1536,864,true],"2048x2048":["https:\/\/elconquistadorredloslagos.cl\/test\/wp-content\/uploads\/2024\/11\/Archi.png",1920,1080,false]},"rttpg_author":{"display_name":"ccardenas","author_link":"https:\/\/elconquistadorredloslagos.cl\/test\/blog\/author\/ccardenas\/"},"rttpg_comment":0,"rttpg_category":"<a href=\"https:\/\/elconquistadorredloslagos.cl\/test\/blog\/category\/actual\/acontecer\/\" rel=\"category tag\">Acontecer<\/a> <a href=\"https:\/\/elconquistadorredloslagos.cl\/test\/blog\/category\/actual\/\" rel=\"category tag\">Actualidad<\/a> <a href=\"https:\/\/elconquistadorredloslagos.cl\/test\/blog\/category\/comunidad\/\" rel=\"category tag\">Comunidad<\/a> <a href=\"https:\/\/elconquistadorredloslagos.cl\/test\/blog\/category\/cultura\/\" rel=\"category tag\">Cultural<\/a> <a href=\"https:\/\/elconquistadorredloslagos.cl\/test\/blog\/category\/empresas\/\" rel=\"category tag\">Empresarial<\/a>","rttpg_excerpt":"Punta Arenas se ha convertido en el epicentro de la radiodifusi\u00f3n chilena esta semana, al reunir a m\u00e1s de un centenar de radiodifusores y propietarios de medios en la Asamblea..","_links":{"self":[{"href":"https:\/\/elconquistadorredloslagos.cl\/test\/wp-json\/wp\/v2\/posts\/4418","targetHints":{"allow":["GET"]}}],"collection":[{"href":"https:\/\/elconquistadorredloslagos.cl\/test\/wp-json\/wp\/v2\/posts"}],"about":[{"href":"https:\/\/elconquistadorredloslagos.cl\/test\/wp-json\/wp\/v2\/types\/post"}],"author":[{"embeddable":true,"href":"https:\/\/elconquistadorredloslagos.cl\/test\/wp-json\/wp\/v2\/users\/2"}],"replies":[{"embeddable":true,"href":"https:\/\/elconquistadorredloslagos.cl\/test\/wp-json\/wp\/v2\/comments?post=4418"}],"version-history":[{"count":5,"href":"https:\/\/elconquistadorredloslagos.cl\/test\/wp-json\/wp\/v2\/posts\/4418\/revisions"}],"predecessor-version":[{"id":4462,"href":"https:\/\/elconquistadorredloslagos.cl\/test\/wp-json\/wp\/v2\/posts\/4418\/revisions\/4462"}],"wp:featuredmedia":[{"embeddable":true,"href":"https:\/\/elconquistadorredloslagos.cl\/test\/wp-json\/wp\/v2\/media\/4434"}],"wp:attachment":[{"href":"https:\/\/elconquistadorredloslagos.cl\/test\/wp-json\/wp\/v2\/media?parent=4418"}],"wp:term":[{"taxonomy":"category","embeddable":true,"href":"https:\/\/elconquistadorredloslagos.cl\/test\/wp-json\/wp\/v2\/categories?post=4418"},{"taxonomy":"post_tag","embeddable":true,"href":"https:\/\/elconquistadorredloslagos.cl\/test\/wp-json\/wp\/v2\/tags?post=4418"}],"curies":[{"name":"wp","href":"https:\/\/api.w.org\/{rel}","templated":true}]}}