{"id":4396,"date":"2024-11-06T19:57:56","date_gmt":"2024-11-06T22:57:56","guid":{"rendered":"https:\/\/elconquistadorredloslagos.cl\/test\/?p=4396"},"modified":"2024-11-06T19:57:57","modified_gmt":"2024-11-06T22:57:57","slug":"osorno-alumnos-del-liceo-carmela-carvajal-realizan-salida-pedagogica-a-la-serena","status":"publish","type":"post","link":"https:\/\/elconquistadorredloslagos.cl\/test\/blog\/2024\/11\/06\/osorno-alumnos-del-liceo-carmela-carvajal-realizan-salida-pedagogica-a-la-serena\/","title":{"rendered":"Osorno: Alumnos del LIceo Carmela Carvajal realizan \u00abSalida Pedagogica\u00bb a La Serena"},"content":{"rendered":"\n<p><br>La etapa final de la vida escolar para los estudiantes de los ocho cursos de cuartos medios del Liceo Bicentenario de Excelencia Carmela Carvajal de Prat Osorno est\u00e1 marcada por la emoci\u00f3n y la nostalgia. Tras seis a\u00f1os de crecimiento,aprendizaje y amistad, estos j\u00f3venes se encuentran disfrutando de una experiencia  que quedar\u00e1 grabada para siempre en sus corazones: una salida de estudios a la<br>m\u00e1gica y tur\u00edstica ciudad de La Serena y sus alrededores.<\/p>\n\n\n\n<p>Este viaje pedag\u00f3gico , es un reconocimiento al esfuerzo constante, al rendimiento acad\u00e9mico ejemplar, y a la disciplina que estos estudiantes han demostrado a lo largo de su trayectoria escolar. Han dejado una huella imborrable en el liceo, destac\u00e1ndose no solo en lo acad\u00e9mico, sino tambi\u00e9n en el deporte, la cultura, el medio ambiente ,las artes y en las multiples actividades extraprogram\u00e1ticas, que fortalecieron sin duda su educaci\u00f3n integral.<\/p>\n\n\n\n<p>El Director del liceo, el Profesor Juan Guillermo Caro Peralta, expres\u00f3 con orgullo: \u201cEs un premio justo, por su rendimiento acad\u00e9mico, disciplina y porque nos han representado excelentemente cada vez que hemos participado en deporte, medio ambiente, arte, m\u00fasica, poes\u00eda y otras disciplinas\u201d. Estas palabras reflejan el reconocimiento y aprecio hacia una generaci\u00f3n que ha llevado en alto el nombre del Liceo Carmela Carvajal, convirti\u00e9ndose en un ejemplo para futuras generaciones.<\/p>\n\n\n\n<p>Por primera vez en la historia de este liceo, la tradicional \u201cNoche de Gala\u201d ha sido sustituida por una SALIDA PEDAG\u00d3GICA , una decisi\u00f3n que subraya la importancia de cerrar este ciclo con una experiencia que va m\u00e1s all\u00e1 de lo convencional. Esta gira no s\u00f3lo les brindar\u00e1 momentos de diversi\u00f3n y descanso, sino tambi\u00e9n la oportunidad de fortalecer los lazos de amistad y compa\u00f1erismo que han construido durante seis a\u00f1os compartiendo aulas, sue\u00f1os y desaf\u00edos.<\/p>\n\n\n\n<p>El viaje a LA SERENA, una ciudad que combina la belleza de la naturaleza con una rica oferta cultural y recreativa, ser\u00e1 un escenario perfecto para que estos j\u00f3venes viven unos d\u00edas inolvidables. Caminar\u00e1n juntos por sus calles, explorar\u00e1n sus paisajes y crear\u00e1n nuevas historias que se sumar\u00e1n al tesoro de recuerdos que se llevan del liceo. Es una despedida simb\u00f3lica de la adolescencia, un \u00faltimo adi\u00f3s<br>a una etapa de sus vidas antes de emprender el vuelo hacia nuevos horizontes.<\/p>\n\n\n\n<p>La delegaci\u00f3n est\u00e1 integrada por Directivos, Profesores, Asistentes de la Educaci\u00f3n y 177 Alumnos, pronto a licenciarse de cuartos a\u00f1os medios. La gira se extender\u00e1 desde el 04 al 08 del presente mes, experiencia \u00fanica que ser\u00e1 una joya m\u00e1s en el cofre de memorias que cada uno atesorara.<\/p>\n","protected":false},"excerpt":{"rendered":"<p>La etapa final de la vida escolar para los estudiantes de los ocho cursos de cuartos medios del Liceo Bicentenario de Excelencia Carmela Carvajal de Prat Osorno est\u00e1 marcada por..<\/p>\n","protected":false},"author":6,"featured_media":4402,"comment_status":"closed","ping_status":"open","sticky":false,"template":"","format":"standard","meta":{"footnotes":""},"categories":[1],"tags":[],"class_list":["post-4396","post","type-post","status-publish","format-standard","has-post-thumbnail","hentry","category-acontecer"],"rttpg_featured_image_url":{"full":["https:\/\/elconquistadorredloslagos.cl\/test\/wp-content\/uploads\/2024\/11\/la-serena-costanera.jpg",1000,600,false],"landscape":["https:\/\/elconquistadorredloslagos.cl\/test\/wp-content\/uploads\/2024\/11\/la-serena-costanera.jpg",1000,600,false],"portraits":["https:\/\/elconquistadorredloslagos.cl\/test\/wp-content\/uploads\/2024\/11\/la-serena-costanera.jpg",1000,600,false],"thumbnail":["https:\/\/elconquistadorredloslagos.cl\/test\/wp-content\/uploads\/2024\/11\/la-serena-costanera-150x150.jpg",150,150,true],"medium":["https:\/\/elconquistadorredloslagos.cl\/test\/wp-content\/uploads\/2024\/11\/la-serena-costanera-300x180.jpg",300,180,true],"large":["https:\/\/elconquistadorredloslagos.cl\/test\/wp-content\/uploads\/2024\/11\/la-serena-costanera.jpg",1000,600,false],"1536x1536":["https:\/\/elconquistadorredloslagos.cl\/test\/wp-content\/uploads\/2024\/11\/la-serena-costanera.jpg",1000,600,false],"2048x2048":["https:\/\/elconquistadorredloslagos.cl\/test\/wp-content\/uploads\/2024\/11\/la-serena-costanera.jpg",1000,600,false]},"rttpg_author":{"display_name":"contactoosorno","author_link":"https:\/\/elconquistadorredloslagos.cl\/test\/blog\/author\/contactoosorno\/"},"rttpg_comment":0,"rttpg_category":"<a href=\"https:\/\/elconquistadorredloslagos.cl\/test\/blog\/category\/actual\/acontecer\/\" rel=\"category tag\">Acontecer<\/a>","rttpg_excerpt":"La etapa final de la vida escolar para los estudiantes de los ocho cursos de cuartos medios del Liceo Bicentenario de Excelencia Carmela Carvajal de Prat Osorno est\u00e1 marcada por..","_links":{"self":[{"href":"https:\/\/elconquistadorredloslagos.cl\/test\/wp-json\/wp\/v2\/posts\/4396","targetHints":{"allow":["GET"]}}],"collection":[{"href":"https:\/\/elconquistadorredloslagos.cl\/test\/wp-json\/wp\/v2\/posts"}],"about":[{"href":"https:\/\/elconquistadorredloslagos.cl\/test\/wp-json\/wp\/v2\/types\/post"}],"author":[{"embeddable":true,"href":"https:\/\/elconquistadorredloslagos.cl\/test\/wp-json\/wp\/v2\/users\/6"}],"replies":[{"embeddable":true,"href":"https:\/\/elconquistadorredloslagos.cl\/test\/wp-json\/wp\/v2\/comments?post=4396"}],"version-history":[{"count":1,"href":"https:\/\/elconquistadorredloslagos.cl\/test\/wp-json\/wp\/v2\/posts\/4396\/revisions"}],"predecessor-version":[{"id":4403,"href":"https:\/\/elconquistadorredloslagos.cl\/test\/wp-json\/wp\/v2\/posts\/4396\/revisions\/4403"}],"wp:featuredmedia":[{"embeddable":true,"href":"https:\/\/elconquistadorredloslagos.cl\/test\/wp-json\/wp\/v2\/media\/4402"}],"wp:attachment":[{"href":"https:\/\/elconquistadorredloslagos.cl\/test\/wp-json\/wp\/v2\/media?parent=4396"}],"wp:term":[{"taxonomy":"category","embeddable":true,"href":"https:\/\/elconquistadorredloslagos.cl\/test\/wp-json\/wp\/v2\/categories?post=4396"},{"taxonomy":"post_tag","embeddable":true,"href":"https:\/\/elconquistadorredloslagos.cl\/test\/wp-json\/wp\/v2\/tags?post=4396"}],"curies":[{"name":"wp","href":"https:\/\/api.w.org\/{rel}","templated":true}]}}