{"id":4388,"date":"2024-11-06T17:34:22","date_gmt":"2024-11-06T20:34:22","guid":{"rendered":"https:\/\/elconquistadorredloslagos.cl\/test\/?p=4388"},"modified":"2024-11-06T17:35:54","modified_gmt":"2024-11-06T20:35:54","slug":"cesar-molfino-director-de-radio-el-conquistador-recibio-premio-a-la-trayectoria-radial","status":"publish","type":"post","link":"https:\/\/elconquistadorredloslagos.cl\/test\/blog\/2024\/11\/06\/cesar-molfino-director-de-radio-el-conquistador-recibio-premio-a-la-trayectoria-radial\/","title":{"rendered":"C\u00e9sar Molfino director de Radio El Conquistador recibi\u00f3 Premio a la Trayectoria Radial"},"content":{"rendered":"\n<h5 class=\"wp-block-heading\"><em>Este a\u00f1o, el&nbsp;<strong>Consejo Nacional de ARCHI<\/strong>&nbsp;ha designado a&nbsp;<strong>C\u00e9sar Molfino Mendoza<\/strong>, director de Radio El Conquistador y ex presidente de ARCHI, como el galardonado con el&nbsp;<strong>Premio a la Trayectoria Radial<\/strong>&nbsp;por su destacada labor en el \u00e1mbito de la radio<\/em><\/h5>\n\n\n\n<p>Durante el 6 de noviembre y el 9 del mismo mes, se reunir\u00e1n profesionales y expertos de la radiodifusi\u00f3n de Chile, quienes tendr\u00e1n la oportunidad de intercambiar experiencias y generar nuevas conexiones. Este encuentro es fundamental para seguir impulsando el desarrollo del sector y fomentar el crecimiento y la colaboraci\u00f3n entre todos los miembros de Archi.<\/p>\n\n\n\n<p>Es en este contexto que C\u00e9sar Molfino Mendoza, director de Radio El Conquistador y ex presidente de ARCHI, fue galardonado con el&nbsp;Premio a la Trayectoria Radial&nbsp;por su destacada labor en el \u00e1mbito de la radio. Cabe se\u00f1alar que Radio El Conquistador inici\u00f3 sus transmisiones el 1 de marzo de 1962 y fue la primera emisora de Frecuencia Modulada en Chile.<\/p>\n\n\n\n<p>En tanto, el Premio al Personaje Radial del A\u00f1o fue otorgado al periodista Ram\u00f3n Ulloa de Tele13 Radio, quien ha hecho contribuciones significativas al periodismo radial en nuestro pa\u00eds.<\/p>\n\n\n\n<p>La entrega de estas distinciones se llev\u00f3 a cabo durante la Asamblea Anual de este 6 de noviembre en el Teatro Municipal de Punta Arenas.<\/p>\n\n\n\n<p>El presidente de ARCHI, Cristian G\u00e1lvez, felicit\u00f3 a ambos premiados y destac\u00f3 la importancia de trabajar en el medio radial, resaltando su impacto en la comunicaci\u00f3n y el entretenimiento.<\/p>\n\n\n\n<p>Por Equipo ECRedLosLagos.<\/p>\n","protected":false},"excerpt":{"rendered":"<p>Este a\u00f1o, el&nbsp;Consejo Nacional de ARCHI&nbsp;ha designado a&nbsp;C\u00e9sar Molfino Mendoza, director de Radio El Conquistador y ex presidente de ARCHI, como el galardonado con el&nbsp;Premio a la Trayectoria Radial&nbsp;por su..<\/p>\n","protected":false},"author":7,"featured_media":4389,"comment_status":"closed","ping_status":"open","sticky":false,"template":"","format":"standard","meta":{"footnotes":""},"categories":[1],"tags":[],"class_list":["post-4388","post","type-post","status-publish","format-standard","has-post-thumbnail","hentry","category-acontecer"],"rttpg_featured_image_url":{"full":["https:\/\/elconquistadorredloslagos.cl\/test\/wp-content\/uploads\/2024\/11\/ce.png",1920,1080,false],"landscape":["https:\/\/elconquistadorredloslagos.cl\/test\/wp-content\/uploads\/2024\/11\/ce.png",1920,1080,false],"portraits":["https:\/\/elconquistadorredloslagos.cl\/test\/wp-content\/uploads\/2024\/11\/ce.png",1920,1080,false],"thumbnail":["https:\/\/elconquistadorredloslagos.cl\/test\/wp-content\/uploads\/2024\/11\/ce-150x150.png",150,150,true],"medium":["https:\/\/elconquistadorredloslagos.cl\/test\/wp-content\/uploads\/2024\/11\/ce-300x169.png",300,169,true],"large":["https:\/\/elconquistadorredloslagos.cl\/test\/wp-content\/uploads\/2024\/11\/ce-1024x576.png",1024,576,true],"1536x1536":["https:\/\/elconquistadorredloslagos.cl\/test\/wp-content\/uploads\/2024\/11\/ce-1536x864.png",1536,864,true],"2048x2048":["https:\/\/elconquistadorredloslagos.cl\/test\/wp-content\/uploads\/2024\/11\/ce.png",1920,1080,false]},"rttpg_author":{"display_name":"enzodelahoz1988","author_link":"https:\/\/elconquistadorredloslagos.cl\/test\/blog\/author\/enzodelahoz1988\/"},"rttpg_comment":0,"rttpg_category":"<a href=\"https:\/\/elconquistadorredloslagos.cl\/test\/blog\/category\/actual\/acontecer\/\" rel=\"category tag\">Acontecer<\/a>","rttpg_excerpt":"Este a\u00f1o, el&nbsp;Consejo Nacional de ARCHI&nbsp;ha designado a&nbsp;C\u00e9sar Molfino Mendoza, director de Radio El Conquistador y ex presidente de ARCHI, como el galardonado con el&nbsp;Premio a la Trayectoria Radial&nbsp;por su..","_links":{"self":[{"href":"https:\/\/elconquistadorredloslagos.cl\/test\/wp-json\/wp\/v2\/posts\/4388","targetHints":{"allow":["GET"]}}],"collection":[{"href":"https:\/\/elconquistadorredloslagos.cl\/test\/wp-json\/wp\/v2\/posts"}],"about":[{"href":"https:\/\/elconquistadorredloslagos.cl\/test\/wp-json\/wp\/v2\/types\/post"}],"author":[{"embeddable":true,"href":"https:\/\/elconquistadorredloslagos.cl\/test\/wp-json\/wp\/v2\/users\/7"}],"replies":[{"embeddable":true,"href":"https:\/\/elconquistadorredloslagos.cl\/test\/wp-json\/wp\/v2\/comments?post=4388"}],"version-history":[{"count":2,"href":"https:\/\/elconquistadorredloslagos.cl\/test\/wp-json\/wp\/v2\/posts\/4388\/revisions"}],"predecessor-version":[{"id":4391,"href":"https:\/\/elconquistadorredloslagos.cl\/test\/wp-json\/wp\/v2\/posts\/4388\/revisions\/4391"}],"wp:featuredmedia":[{"embeddable":true,"href":"https:\/\/elconquistadorredloslagos.cl\/test\/wp-json\/wp\/v2\/media\/4389"}],"wp:attachment":[{"href":"https:\/\/elconquistadorredloslagos.cl\/test\/wp-json\/wp\/v2\/media?parent=4388"}],"wp:term":[{"taxonomy":"category","embeddable":true,"href":"https:\/\/elconquistadorredloslagos.cl\/test\/wp-json\/wp\/v2\/categories?post=4388"},{"taxonomy":"post_tag","embeddable":true,"href":"https:\/\/elconquistadorredloslagos.cl\/test\/wp-json\/wp\/v2\/tags?post=4388"}],"curies":[{"name":"wp","href":"https:\/\/api.w.org\/{rel}","templated":true}]}}