{"id":4378,"date":"2024-11-06T14:24:14","date_gmt":"2024-11-06T17:24:14","guid":{"rendered":"https:\/\/elconquistadorredloslagos.cl\/test\/?p=4378"},"modified":"2024-11-06T14:43:32","modified_gmt":"2024-11-06T17:43:32","slug":"dgac-investiga-causas-de-incidente-en-avion-que-se-desplazaba-desde-chaiten-a-puerto-montt","status":"publish","type":"post","link":"https:\/\/elconquistadorredloslagos.cl\/test\/blog\/2024\/11\/06\/dgac-investiga-causas-de-incidente-en-avion-que-se-desplazaba-desde-chaiten-a-puerto-montt\/","title":{"rendered":"DGAC investiga causas de incidente en avi\u00f3n que se desplazaba desde Chait\u00e9n a Puerto Montt"},"content":{"rendered":"\n<p>Una profunda investigaci\u00f3n se encuentra desarrollando la Direcci\u00f3n General de Aeron\u00e1utica Civil (DGAC), luego de que en los \u00faltimos d\u00edas un avi\u00f3n de la empresa Aerocord, que hab\u00eda despegado desde Chait\u00e9n en direcci\u00f3n a Puerto Montt, sufriera un incidente.<\/p>\n\n\n\n<p>Espec\u00edficamente se trat\u00f3 de un bolso de pasajeros que sali\u00f3 eyectado y choc\u00f3 contra una de las h\u00e9lices de la aeronave, luego que se abriera el compartimento. La imagen fue viralizada a trav\u00e9s de un video en redes sociales.<\/p>\n\n\n\n<p>Las consecuencias fueron una falla en el motor que forz\u00f3 al piloto del avi\u00f3n a regresar de emergencia a Chait\u00e9n, resultando ilesos los 18 pasajeros del vuelo. Quien se refiri\u00f3 al hecho fue el delegado provincial de Palena, Luis Monta\u00f1a.<\/p>\n\n\n\n<figure class=\"wp-block-audio\"><audio controls src=\"https:\/\/elconquistadorredloslagos.cl\/test\/wp-content\/uploads\/2024\/11\/LuisMontana.mp3\"><\/audio><\/figure>\n\n\n\n<p>A trav\u00e9s de un comunicado la empresa inform\u00f3 que el incidente fue provocado tras el impacto de un p\u00e1jaro contra el fuselaje del avi\u00f3n, el cual provoc\u00f3 el desprendimiento de una de las puertas de carga.<\/p>\n\n\n\n<p>FOTO: (Captura de video)<\/p>\n","protected":false},"excerpt":{"rendered":"<p>Una profunda investigaci\u00f3n se encuentra desarrollando la Direcci\u00f3n General de Aeron\u00e1utica Civil (DGAC), luego de que en los \u00faltimos d\u00edas un avi\u00f3n de la empresa Aerocord, que hab\u00eda despegado desde..<\/p>\n","protected":false},"author":2,"featured_media":4380,"comment_status":"closed","ping_status":"open","sticky":false,"template":"","format":"standard","meta":{"footnotes":""},"categories":[1,28],"tags":[],"class_list":["post-4378","post","type-post","status-publish","format-standard","has-post-thumbnail","hentry","category-acontecer","category-actual"],"rttpg_featured_image_url":{"full":["https:\/\/elconquistadorredloslagos.cl\/test\/wp-content\/uploads\/2024\/11\/avion1.jpg",1920,1080,false],"landscape":["https:\/\/elconquistadorredloslagos.cl\/test\/wp-content\/uploads\/2024\/11\/avion1.jpg",1920,1080,false],"portraits":["https:\/\/elconquistadorredloslagos.cl\/test\/wp-content\/uploads\/2024\/11\/avion1.jpg",1920,1080,false],"thumbnail":["https:\/\/elconquistadorredloslagos.cl\/test\/wp-content\/uploads\/2024\/11\/avion1-150x150.jpg",150,150,true],"medium":["https:\/\/elconquistadorredloslagos.cl\/test\/wp-content\/uploads\/2024\/11\/avion1-300x169.jpg",300,169,true],"large":["https:\/\/elconquistadorredloslagos.cl\/test\/wp-content\/uploads\/2024\/11\/avion1-1024x576.jpg",1024,576,true],"1536x1536":["https:\/\/elconquistadorredloslagos.cl\/test\/wp-content\/uploads\/2024\/11\/avion1-1536x864.jpg",1536,864,true],"2048x2048":["https:\/\/elconquistadorredloslagos.cl\/test\/wp-content\/uploads\/2024\/11\/avion1.jpg",1920,1080,false]},"rttpg_author":{"display_name":"ccardenas","author_link":"https:\/\/elconquistadorredloslagos.cl\/test\/blog\/author\/ccardenas\/"},"rttpg_comment":0,"rttpg_category":"<a href=\"https:\/\/elconquistadorredloslagos.cl\/test\/blog\/category\/actual\/acontecer\/\" rel=\"category tag\">Acontecer<\/a> <a href=\"https:\/\/elconquistadorredloslagos.cl\/test\/blog\/category\/actual\/\" rel=\"category tag\">Actualidad<\/a>","rttpg_excerpt":"Una profunda investigaci\u00f3n se encuentra desarrollando la Direcci\u00f3n General de Aeron\u00e1utica Civil (DGAC), luego de que en los \u00faltimos d\u00edas un avi\u00f3n de la empresa Aerocord, que hab\u00eda despegado desde..","_links":{"self":[{"href":"https:\/\/elconquistadorredloslagos.cl\/test\/wp-json\/wp\/v2\/posts\/4378","targetHints":{"allow":["GET"]}}],"collection":[{"href":"https:\/\/elconquistadorredloslagos.cl\/test\/wp-json\/wp\/v2\/posts"}],"about":[{"href":"https:\/\/elconquistadorredloslagos.cl\/test\/wp-json\/wp\/v2\/types\/post"}],"author":[{"embeddable":true,"href":"https:\/\/elconquistadorredloslagos.cl\/test\/wp-json\/wp\/v2\/users\/2"}],"replies":[{"embeddable":true,"href":"https:\/\/elconquistadorredloslagos.cl\/test\/wp-json\/wp\/v2\/comments?post=4378"}],"version-history":[{"count":2,"href":"https:\/\/elconquistadorredloslagos.cl\/test\/wp-json\/wp\/v2\/posts\/4378\/revisions"}],"predecessor-version":[{"id":4384,"href":"https:\/\/elconquistadorredloslagos.cl\/test\/wp-json\/wp\/v2\/posts\/4378\/revisions\/4384"}],"wp:featuredmedia":[{"embeddable":true,"href":"https:\/\/elconquistadorredloslagos.cl\/test\/wp-json\/wp\/v2\/media\/4380"}],"wp:attachment":[{"href":"https:\/\/elconquistadorredloslagos.cl\/test\/wp-json\/wp\/v2\/media?parent=4378"}],"wp:term":[{"taxonomy":"category","embeddable":true,"href":"https:\/\/elconquistadorredloslagos.cl\/test\/wp-json\/wp\/v2\/categories?post=4378"},{"taxonomy":"post_tag","embeddable":true,"href":"https:\/\/elconquistadorredloslagos.cl\/test\/wp-json\/wp\/v2\/tags?post=4378"}],"curies":[{"name":"wp","href":"https:\/\/api.w.org\/{rel}","templated":true}]}}