{"id":4373,"date":"2024-11-06T13:58:13","date_gmt":"2024-11-06T16:58:13","guid":{"rendered":"https:\/\/elconquistadorredloslagos.cl\/test\/?p=4373"},"modified":"2024-11-06T14:04:20","modified_gmt":"2024-11-06T17:04:20","slug":"familia-del-nino-ancuditano-tomas-ross-se-prepara-para-emprender-viaje-a-los-estados-unidos","status":"publish","type":"post","link":"https:\/\/elconquistadorredloslagos.cl\/test\/blog\/2024\/11\/06\/familia-del-nino-ancuditano-tomas-ross-se-prepara-para-emprender-viaje-a-los-estados-unidos\/","title":{"rendered":"Familia del ni\u00f1o ancuditano Tom\u00e1s Ross se prepara para emprender viaje a los Estados Unidos"},"content":{"rendered":"\n<p>Finalmente tras un movido a\u00f1o 2024, el peque\u00f1o Tom\u00e1s Ross G\u00f3mez de 6 a\u00f1os de edad, concretar\u00e1 junto a su familia el esperado viaje a Estados Unidos para recibir el innovador tratamiento contra la Distrofia Muscular de Duchenne.<\/p>\n\n\n\n<p>Recordar que esto se da luego de una intensa campa\u00f1a de recaudaci\u00f3n de fondos organizada por su madre, Camila G\u00f3mez, quien recorri\u00f3 m\u00e1s de mil kil\u00f3metros desde Ancud hasta Santiago. La traves\u00eda incluy\u00f3 una reuni\u00f3n con el Presidente Gabriel Boric y culmin\u00f3 con la recaudaci\u00f3n de m\u00e1s de $3.500 millones para costear el medicamento que lleva por nombre Elevidys.<\/p>\n\n\n\n<p>Previo a este viaje que se desarrollar\u00e1 el pr\u00f3ximo martes 12 de noviembre, la Fundaci\u00f3n Telet\u00f3n lleg\u00f3 hasta Coyhaique para visitar el instituto m\u00e1s austral del pa\u00eds y conversar con familias usuarias; entre ellas estaba Camila, mam\u00e1 de Tomy, quien es paciente de Telet\u00f3n y reside en esta ciudad.<\/p>\n\n\n\n<p>En el lugar, el mism\u00edsimo Don Francisco conoci\u00f3 la historia de este peque\u00f1o ancuditano.<\/p>\n\n\n\n<figure class=\"wp-block-embed is-type-rich is-provider-gestor-del-servicio wp-block-embed-gestor-del-servicio\"><div class=\"wp-block-embed__wrapper\">\n<div style=\"width: 640px;\" class=\"wp-video\"><video class=\"wp-video-shortcode\" id=\"video-4373-1\" width=\"640\" height=\"360\" preload=\"metadata\" controls=\"controls\"><source type=\"video\/mp4\" src=\"https:\/\/elconquistadorredloslagos.cl\/test\/md\/tomyteleton.mp4?_=1\" \/><a href=\"https:\/\/elconquistadorredloslagos.cl\/test\/md\/tomyteleton.mp4\">https:\/\/elconquistadorredloslagos.cl\/test\/md\/tomyteleton.mp4<\/a><\/video><\/div>\n<\/div><figcaption class=\"wp-element-caption\">\u201cConsejo para el Acceso Oportuno: Una propuesta de abordaje a la problem\u00e1tica planteada por la campa\u00f1a &#8216;Caminata de Ancud a La Moneda&#8217; por Corporaci\u00f3n Familias Duchenne\u201d, ese es el nombre del documento entregado por parte de Camila G\u00f3mez y Marcos Reyes al Presidente de la Rep\u00fablica Gabriel Boric, en la reuni\u00f3n sostenida ayer pasado el mediod\u00eda.<\/figcaption><\/figure>\n","protected":false},"excerpt":{"rendered":"<p>Finalmente tras un movido a\u00f1o 2024, el peque\u00f1o Tom\u00e1s Ross G\u00f3mez de 6 a\u00f1os de edad, concretar\u00e1 junto a su familia el esperado viaje a Estados Unidos para recibir el..<\/p>\n","protected":false},"author":2,"featured_media":4374,"comment_status":"closed","ping_status":"open","sticky":false,"template":"","format":"standard","meta":{"footnotes":""},"categories":[1,28],"tags":[],"class_list":["post-4373","post","type-post","status-publish","format-standard","has-post-thumbnail","hentry","category-acontecer","category-actual"],"rttpg_featured_image_url":{"full":["https:\/\/elconquistadorredloslagos.cl\/test\/wp-content\/uploads\/2024\/11\/New-Movie-2-4.Movie_Instantanea.jpg",1920,1080,false],"landscape":["https:\/\/elconquistadorredloslagos.cl\/test\/wp-content\/uploads\/2024\/11\/New-Movie-2-4.Movie_Instantanea.jpg",1920,1080,false],"portraits":["https:\/\/elconquistadorredloslagos.cl\/test\/wp-content\/uploads\/2024\/11\/New-Movie-2-4.Movie_Instantanea.jpg",1920,1080,false],"thumbnail":["https:\/\/elconquistadorredloslagos.cl\/test\/wp-content\/uploads\/2024\/11\/New-Movie-2-4.Movie_Instantanea-150x150.jpg",150,150,true],"medium":["https:\/\/elconquistadorredloslagos.cl\/test\/wp-content\/uploads\/2024\/11\/New-Movie-2-4.Movie_Instantanea-300x169.jpg",300,169,true],"large":["https:\/\/elconquistadorredloslagos.cl\/test\/wp-content\/uploads\/2024\/11\/New-Movie-2-4.Movie_Instantanea-1024x576.jpg",1024,576,true],"1536x1536":["https:\/\/elconquistadorredloslagos.cl\/test\/wp-content\/uploads\/2024\/11\/New-Movie-2-4.Movie_Instantanea-1536x864.jpg",1536,864,true],"2048x2048":["https:\/\/elconquistadorredloslagos.cl\/test\/wp-content\/uploads\/2024\/11\/New-Movie-2-4.Movie_Instantanea.jpg",1920,1080,false]},"rttpg_author":{"display_name":"ccardenas","author_link":"https:\/\/elconquistadorredloslagos.cl\/test\/blog\/author\/ccardenas\/"},"rttpg_comment":0,"rttpg_category":"<a href=\"https:\/\/elconquistadorredloslagos.cl\/test\/blog\/category\/actual\/acontecer\/\" rel=\"category tag\">Acontecer<\/a> <a href=\"https:\/\/elconquistadorredloslagos.cl\/test\/blog\/category\/actual\/\" rel=\"category tag\">Actualidad<\/a>","rttpg_excerpt":"Finalmente tras un movido a\u00f1o 2024, el peque\u00f1o Tom\u00e1s Ross G\u00f3mez de 6 a\u00f1os de edad, concretar\u00e1 junto a su familia el esperado viaje a Estados Unidos para recibir el..","_links":{"self":[{"href":"https:\/\/elconquistadorredloslagos.cl\/test\/wp-json\/wp\/v2\/posts\/4373","targetHints":{"allow":["GET"]}}],"collection":[{"href":"https:\/\/elconquistadorredloslagos.cl\/test\/wp-json\/wp\/v2\/posts"}],"about":[{"href":"https:\/\/elconquistadorredloslagos.cl\/test\/wp-json\/wp\/v2\/types\/post"}],"author":[{"embeddable":true,"href":"https:\/\/elconquistadorredloslagos.cl\/test\/wp-json\/wp\/v2\/users\/2"}],"replies":[{"embeddable":true,"href":"https:\/\/elconquistadorredloslagos.cl\/test\/wp-json\/wp\/v2\/comments?post=4373"}],"version-history":[{"count":3,"href":"https:\/\/elconquistadorredloslagos.cl\/test\/wp-json\/wp\/v2\/posts\/4373\/revisions"}],"predecessor-version":[{"id":4377,"href":"https:\/\/elconquistadorredloslagos.cl\/test\/wp-json\/wp\/v2\/posts\/4373\/revisions\/4377"}],"wp:featuredmedia":[{"embeddable":true,"href":"https:\/\/elconquistadorredloslagos.cl\/test\/wp-json\/wp\/v2\/media\/4374"}],"wp:attachment":[{"href":"https:\/\/elconquistadorredloslagos.cl\/test\/wp-json\/wp\/v2\/media?parent=4373"}],"wp:term":[{"taxonomy":"category","embeddable":true,"href":"https:\/\/elconquistadorredloslagos.cl\/test\/wp-json\/wp\/v2\/categories?post=4373"},{"taxonomy":"post_tag","embeddable":true,"href":"https:\/\/elconquistadorredloslagos.cl\/test\/wp-json\/wp\/v2\/tags?post=4373"}],"curies":[{"name":"wp","href":"https:\/\/api.w.org\/{rel}","templated":true}]}}