{"id":4365,"date":"2024-11-06T12:59:38","date_gmt":"2024-11-06T15:59:38","guid":{"rendered":"https:\/\/elconquistadorredloslagos.cl\/test\/?p=4365"},"modified":"2024-11-06T12:59:39","modified_gmt":"2024-11-06T15:59:39","slug":"ancud-una-casa-destruida-y-un-bombero-lesionado-fue-el-saldo-de-un-violento-incendio","status":"publish","type":"post","link":"https:\/\/elconquistadorredloslagos.cl\/test\/blog\/2024\/11\/06\/ancud-una-casa-destruida-y-un-bombero-lesionado-fue-el-saldo-de-un-violento-incendio\/","title":{"rendered":"Ancud: una casa destruida y un bombero lesionado fue el saldo de un violento incendio"},"content":{"rendered":"\n<p>Una vivienda con serios da\u00f1os y un bombero lesionado, fue el saldo de un incendio que destruy\u00f3 una vivienda de dos pisos en pleno centro de la ciudad.<\/p>\n\n\n\n<p>Los acontecimientos tuvieron lugar en calle Pedro Montt entre Prat y Almirante Latorre. Hasta el lugar acudi\u00f3 personal del cuerpo de bomberos local, adem\u00e1s de una unidad aljibe y un cami\u00f3n que presta servicios al municipio.&nbsp;&nbsp;<\/p>\n\n\n\n<p>Producto de una ca\u00edda, result\u00f3 lesionado un voluntario de la instituci\u00f3n bomberil, el que posteriormente fue llevado al Servicio de Alta Resolutividad (SAR). Sobre los acontecimientos, entreg\u00f3 detalles el comandante, Eduardo D\u00edaz.<\/p>\n\n\n\n<figure class=\"wp-block-audio\"><audio controls src=\"https:\/\/elconquistadorredloslagos.cl\/test\/wp-content\/uploads\/2024\/11\/E-Diaz.mp3\"><\/audio><\/figure>\n\n\n\n<p>Respecto a las causas de la emergencia est\u00e1s ser\u00e1n parte de la investigaci\u00f3n que efect\u00faa los peritos del Departamento de Estudios T\u00e9cnicos de Bomberos, (DET). Carabineros de la Primera Comisar\u00eda en tanto, levant\u00f3 los antecedentes para remitirlos a la Fiscal\u00eda.<\/p>\n","protected":false},"excerpt":{"rendered":"<p>Una vivienda con serios da\u00f1os y un bombero lesionado, fue el saldo de un incendio que destruy\u00f3 una vivienda de dos pisos en pleno centro de la ciudad. Los acontecimientos..<\/p>\n","protected":false},"author":2,"featured_media":4368,"comment_status":"closed","ping_status":"open","sticky":false,"template":"","format":"standard","meta":{"footnotes":""},"categories":[1,28],"tags":[],"class_list":["post-4365","post","type-post","status-publish","format-standard","has-post-thumbnail","hentry","category-acontecer","category-actual"],"rttpg_featured_image_url":{"full":["https:\/\/elconquistadorredloslagos.cl\/test\/wp-content\/uploads\/2024\/11\/Incendio.png",1920,1080,false],"landscape":["https:\/\/elconquistadorredloslagos.cl\/test\/wp-content\/uploads\/2024\/11\/Incendio.png",1920,1080,false],"portraits":["https:\/\/elconquistadorredloslagos.cl\/test\/wp-content\/uploads\/2024\/11\/Incendio.png",1920,1080,false],"thumbnail":["https:\/\/elconquistadorredloslagos.cl\/test\/wp-content\/uploads\/2024\/11\/Incendio-150x150.png",150,150,true],"medium":["https:\/\/elconquistadorredloslagos.cl\/test\/wp-content\/uploads\/2024\/11\/Incendio-300x169.png",300,169,true],"large":["https:\/\/elconquistadorredloslagos.cl\/test\/wp-content\/uploads\/2024\/11\/Incendio-1024x576.png",1024,576,true],"1536x1536":["https:\/\/elconquistadorredloslagos.cl\/test\/wp-content\/uploads\/2024\/11\/Incendio-1536x864.png",1536,864,true],"2048x2048":["https:\/\/elconquistadorredloslagos.cl\/test\/wp-content\/uploads\/2024\/11\/Incendio.png",1920,1080,false]},"rttpg_author":{"display_name":"ccardenas","author_link":"https:\/\/elconquistadorredloslagos.cl\/test\/blog\/author\/ccardenas\/"},"rttpg_comment":0,"rttpg_category":"<a href=\"https:\/\/elconquistadorredloslagos.cl\/test\/blog\/category\/actual\/acontecer\/\" rel=\"category tag\">Acontecer<\/a> <a href=\"https:\/\/elconquistadorredloslagos.cl\/test\/blog\/category\/actual\/\" rel=\"category tag\">Actualidad<\/a>","rttpg_excerpt":"Una vivienda con serios da\u00f1os y un bombero lesionado, fue el saldo de un incendio que destruy\u00f3 una vivienda de dos pisos en pleno centro de la ciudad. Los acontecimientos..","_links":{"self":[{"href":"https:\/\/elconquistadorredloslagos.cl\/test\/wp-json\/wp\/v2\/posts\/4365","targetHints":{"allow":["GET"]}}],"collection":[{"href":"https:\/\/elconquistadorredloslagos.cl\/test\/wp-json\/wp\/v2\/posts"}],"about":[{"href":"https:\/\/elconquistadorredloslagos.cl\/test\/wp-json\/wp\/v2\/types\/post"}],"author":[{"embeddable":true,"href":"https:\/\/elconquistadorredloslagos.cl\/test\/wp-json\/wp\/v2\/users\/2"}],"replies":[{"embeddable":true,"href":"https:\/\/elconquistadorredloslagos.cl\/test\/wp-json\/wp\/v2\/comments?post=4365"}],"version-history":[{"count":1,"href":"https:\/\/elconquistadorredloslagos.cl\/test\/wp-json\/wp\/v2\/posts\/4365\/revisions"}],"predecessor-version":[{"id":4369,"href":"https:\/\/elconquistadorredloslagos.cl\/test\/wp-json\/wp\/v2\/posts\/4365\/revisions\/4369"}],"wp:featuredmedia":[{"embeddable":true,"href":"https:\/\/elconquistadorredloslagos.cl\/test\/wp-json\/wp\/v2\/media\/4368"}],"wp:attachment":[{"href":"https:\/\/elconquistadorredloslagos.cl\/test\/wp-json\/wp\/v2\/media?parent=4365"}],"wp:term":[{"taxonomy":"category","embeddable":true,"href":"https:\/\/elconquistadorredloslagos.cl\/test\/wp-json\/wp\/v2\/categories?post=4365"},{"taxonomy":"post_tag","embeddable":true,"href":"https:\/\/elconquistadorredloslagos.cl\/test\/wp-json\/wp\/v2\/tags?post=4365"}],"curies":[{"name":"wp","href":"https:\/\/api.w.org\/{rel}","templated":true}]}}