{"id":4359,"date":"2024-11-06T12:39:59","date_gmt":"2024-11-06T15:39:59","guid":{"rendered":"https:\/\/elconquistadorredloslagos.cl\/test\/?p=4359"},"modified":"2024-11-06T12:42:07","modified_gmt":"2024-11-06T15:42:07","slug":"lanzan-libro-sobre-el-espectro-autista-en-chonchi","status":"publish","type":"post","link":"https:\/\/elconquistadorredloslagos.cl\/test\/blog\/2024\/11\/06\/lanzan-libro-sobre-el-espectro-autista-en-chonchi\/","title":{"rendered":"Lanzan libro sobre el Espectro Autista en Chonchi"},"content":{"rendered":"\n<p>\u00bfComo apoyar el desarrollo de un ni\u00f1o peque\u00f1o con Autismo?, se llama el nombre del libro del castre\u00f1o, el Fonoaudi\u00f3logo, Felipe Barrientos, que fue lanzado en dependencias de la Casa de la Cultura de Chonchi.<\/p>\n\n\n\n<p>La actividad que fue organizada por la Biblioteca P\u00fablica Municipal y el Departamento de Cultura,&nbsp; cont\u00f3 con la presencia de la directora de la Direcci\u00f3n de Desarrollo Comunitario, DIDECO del municipio local, Cathy Schulbach, la coordinadora de Educaci\u00f3n Especial de la Corporaci\u00f3n Municipal, Valeria Barrientos, adem\u00e1s, de la profesora encargada de la escuela especial Amanecer, Evelyn Jofr\u00e9, la fonoaudi\u00f3loga Moira Rojas, de la escuela de Lenguaje Abrapalabra, el profesor de la escuela rural de Curaco de Vilupulli, Roberto M\u00e1rquez y la presidenta de la agrupaci\u00f3n Autismo Unido de Chonchi, Consuelo Pastene.<\/p>\n\n\n\n<p>El autor de este nuevo texto, explic\u00f3 que la idea de publicar este libro surgi\u00f3 mientras se encontraba estudiando un Master en Transtorno del Espectro Autista, en el Instituto Superior de Estudios Psicol\u00f3gicos, sede en Barcelona, Espa\u00f1a: \u201cEs una gu\u00eda de buenas pr\u00e1cticas para profesores y profesionales de la salud para que den apoyo para ni\u00f1os dentro del Espectro Autista hasta los 6 a\u00f1os de edad\u201d.<\/p>\n\n\n\n<p>Se\u00f1alar que el libro \u00bfC\u00f3mo apoyar el desarrollo de un ni\u00f1o peque\u00f1o con Autismo? se encuentra disponible en la Biblioteca p\u00fablica municipal de Chonchi, ubicada en la Casa de la Cultura, en la esquina de Centenario con Sargento Candelaria.<\/p>\n","protected":false},"excerpt":{"rendered":"<p>\u00bfComo apoyar el desarrollo de un ni\u00f1o peque\u00f1o con Autismo?, se llama el nombre del libro del castre\u00f1o, el Fonoaudi\u00f3logo, Felipe Barrientos, que fue lanzado en dependencias de la Casa..<\/p>\n","protected":false},"author":2,"featured_media":4362,"comment_status":"closed","ping_status":"open","sticky":false,"template":"","format":"standard","meta":{"footnotes":""},"categories":[1,28],"tags":[],"class_list":["post-4359","post","type-post","status-publish","format-standard","has-post-thumbnail","hentry","category-acontecer","category-actual"],"rttpg_featured_image_url":{"full":["https:\/\/elconquistadorredloslagos.cl\/test\/wp-content\/uploads\/2024\/11\/LibroX.png",1920,1080,false],"landscape":["https:\/\/elconquistadorredloslagos.cl\/test\/wp-content\/uploads\/2024\/11\/LibroX.png",1920,1080,false],"portraits":["https:\/\/elconquistadorredloslagos.cl\/test\/wp-content\/uploads\/2024\/11\/LibroX.png",1920,1080,false],"thumbnail":["https:\/\/elconquistadorredloslagos.cl\/test\/wp-content\/uploads\/2024\/11\/LibroX-150x150.png",150,150,true],"medium":["https:\/\/elconquistadorredloslagos.cl\/test\/wp-content\/uploads\/2024\/11\/LibroX-300x169.png",300,169,true],"large":["https:\/\/elconquistadorredloslagos.cl\/test\/wp-content\/uploads\/2024\/11\/LibroX-1024x576.png",1024,576,true],"1536x1536":["https:\/\/elconquistadorredloslagos.cl\/test\/wp-content\/uploads\/2024\/11\/LibroX-1536x864.png",1536,864,true],"2048x2048":["https:\/\/elconquistadorredloslagos.cl\/test\/wp-content\/uploads\/2024\/11\/LibroX.png",1920,1080,false]},"rttpg_author":{"display_name":"ccardenas","author_link":"https:\/\/elconquistadorredloslagos.cl\/test\/blog\/author\/ccardenas\/"},"rttpg_comment":0,"rttpg_category":"<a href=\"https:\/\/elconquistadorredloslagos.cl\/test\/blog\/category\/actual\/acontecer\/\" rel=\"category tag\">Acontecer<\/a> <a href=\"https:\/\/elconquistadorredloslagos.cl\/test\/blog\/category\/actual\/\" rel=\"category tag\">Actualidad<\/a>","rttpg_excerpt":"\u00bfComo apoyar el desarrollo de un ni\u00f1o peque\u00f1o con Autismo?, se llama el nombre del libro del castre\u00f1o, el Fonoaudi\u00f3logo, Felipe Barrientos, que fue lanzado en dependencias de la Casa..","_links":{"self":[{"href":"https:\/\/elconquistadorredloslagos.cl\/test\/wp-json\/wp\/v2\/posts\/4359","targetHints":{"allow":["GET"]}}],"collection":[{"href":"https:\/\/elconquistadorredloslagos.cl\/test\/wp-json\/wp\/v2\/posts"}],"about":[{"href":"https:\/\/elconquistadorredloslagos.cl\/test\/wp-json\/wp\/v2\/types\/post"}],"author":[{"embeddable":true,"href":"https:\/\/elconquistadorredloslagos.cl\/test\/wp-json\/wp\/v2\/users\/2"}],"replies":[{"embeddable":true,"href":"https:\/\/elconquistadorredloslagos.cl\/test\/wp-json\/wp\/v2\/comments?post=4359"}],"version-history":[{"count":1,"href":"https:\/\/elconquistadorredloslagos.cl\/test\/wp-json\/wp\/v2\/posts\/4359\/revisions"}],"predecessor-version":[{"id":4361,"href":"https:\/\/elconquistadorredloslagos.cl\/test\/wp-json\/wp\/v2\/posts\/4359\/revisions\/4361"}],"wp:featuredmedia":[{"embeddable":true,"href":"https:\/\/elconquistadorredloslagos.cl\/test\/wp-json\/wp\/v2\/media\/4362"}],"wp:attachment":[{"href":"https:\/\/elconquistadorredloslagos.cl\/test\/wp-json\/wp\/v2\/media?parent=4359"}],"wp:term":[{"taxonomy":"category","embeddable":true,"href":"https:\/\/elconquistadorredloslagos.cl\/test\/wp-json\/wp\/v2\/categories?post=4359"},{"taxonomy":"post_tag","embeddable":true,"href":"https:\/\/elconquistadorredloslagos.cl\/test\/wp-json\/wp\/v2\/tags?post=4359"}],"curies":[{"name":"wp","href":"https:\/\/api.w.org\/{rel}","templated":true}]}}