{"id":4345,"date":"2024-11-06T11:06:57","date_gmt":"2024-11-06T14:06:57","guid":{"rendered":"https:\/\/elconquistadorredloslagos.cl\/test\/?p=4345"},"modified":"2024-11-06T11:06:58","modified_gmt":"2024-11-06T14:06:58","slug":"saesa-capacita-a-la-comunidad-de-chiloe-en-riesgos-electricos-con-programa-mira-para-arriba","status":"publish","type":"post","link":"https:\/\/elconquistadorredloslagos.cl\/test\/blog\/2024\/11\/06\/saesa-capacita-a-la-comunidad-de-chiloe-en-riesgos-electricos-con-programa-mira-para-arriba\/","title":{"rendered":"Saesa capacita a la comunidad de Chilo\u00e9 en riesgos el\u00e9ctricos con programa \u201cMira para Arriba\u201d"},"content":{"rendered":"\n<p>La constructora \u201cPuerto Octay\u201d, el Ceduc de Castro y trabajadores del Taller Municipal de Castro, recibieron al equipo de Saesa encargado de realizar la charla, la cual se enfoca en el concepto de que la electricidad no se ve ni se escucha, s\u00f3lo se siente, y cuando eso pasa, ya es muy tarde, por eso es muy relevante mantenerse informado sobre los aspectos de seguridad al momento de trabajar con electricidad.<\/p>\n\n\n\n<p>Para Saesa la seguridad es un valor intransable en su operaci\u00f3n y actividades diarias. Las instalaciones de la empresa est\u00e1n inevitablemente asociadas a riesgos, los que pueden generar accidentes si no se toman las precauciones necesarias. Por eso se hace necesario que se conozcan estos peligros y c\u00f3mo poder evitarlos. Siguiendo esa l\u00ednea, Marcela Ulloa, encargada del programa \u201cMira para Arriba\u201d de Saesa, dio su percepci\u00f3n de lo vivido en la jornada.<\/p>\n\n\n\n<figure class=\"wp-block-audio\"><audio controls src=\"https:\/\/elconquistadorredloslagos.cl\/test\/wp-content\/uploads\/2024\/11\/Marcela-Ulloa-Realatora-Mira-para-Arriba.mp3\"><\/audio><\/figure>\n\n\n\n<p>Fernando Alvarado, operador de maquinaria de la direcci\u00f3n de obra de la municipalidad de Castro, se mostr\u00f3 satisfecho por los nuevos conocimientos.<\/p>\n\n\n\n<figure class=\"wp-block-audio\"><audio controls src=\"https:\/\/elconquistadorredloslagos.cl\/test\/wp-content\/uploads\/2024\/11\/Fernando-Alvarado-Trabajador-Taller-Municipal.mp3\"><\/audio><\/figure>\n\n\n\n<p>Los accidentes no solo se generan por contacto directo, sino que tambi\u00e9n por aproximaci\u00f3n a l\u00edneas energizadas. La importancia de esta actividad es fundamental para el cuidado de la integridad f\u00edsica de las personas. En ese sentido, Samuel Trujillo, ejecutivo de Saesa, destac\u00f3 a las instituciones participantes.<\/p>\n\n\n\n<figure class=\"wp-block-audio\"><audio controls src=\"https:\/\/elconquistadorredloslagos.cl\/test\/wp-content\/uploads\/2024\/11\/Samuel-Trujillo-Ejecutivo-Saesa.mp3\"><\/audio><\/figure>\n\n\n\n<p>Las charlas pueden ser realizadas de manera presencial o tambi\u00e9n online, pudiendo ser solicitadas por cualquier entidad a trav\u00e9s del correo mirraparaarriba@saesa.cl o tambi\u00e9n ingresando a la p\u00e1gina web www.saesa.cl en el apartado del programa \u201cMira para Arriba\u201d, en el cual se puede solicitar una charla rellanando los datos que ah\u00ed se solicitan.<\/p>\n","protected":false},"excerpt":{"rendered":"<p>La constructora \u201cPuerto Octay\u201d, el Ceduc de Castro y trabajadores del Taller Municipal de Castro, recibieron al equipo de Saesa encargado de realizar la charla, la cual se enfoca en..<\/p>\n","protected":false},"author":2,"featured_media":4349,"comment_status":"closed","ping_status":"open","sticky":false,"template":"","format":"standard","meta":{"footnotes":""},"categories":[28],"tags":[],"class_list":["post-4345","post","type-post","status-publish","format-standard","has-post-thumbnail","hentry","category-actual"],"rttpg_featured_image_url":{"full":["https:\/\/elconquistadorredloslagos.cl\/test\/wp-content\/uploads\/2024\/11\/Saesa-1.png",1920,1080,false],"landscape":["https:\/\/elconquistadorredloslagos.cl\/test\/wp-content\/uploads\/2024\/11\/Saesa-1.png",1920,1080,false],"portraits":["https:\/\/elconquistadorredloslagos.cl\/test\/wp-content\/uploads\/2024\/11\/Saesa-1.png",1920,1080,false],"thumbnail":["https:\/\/elconquistadorredloslagos.cl\/test\/wp-content\/uploads\/2024\/11\/Saesa-1-150x150.png",150,150,true],"medium":["https:\/\/elconquistadorredloslagos.cl\/test\/wp-content\/uploads\/2024\/11\/Saesa-1-300x169.png",300,169,true],"large":["https:\/\/elconquistadorredloslagos.cl\/test\/wp-content\/uploads\/2024\/11\/Saesa-1-1024x576.png",1024,576,true],"1536x1536":["https:\/\/elconquistadorredloslagos.cl\/test\/wp-content\/uploads\/2024\/11\/Saesa-1-1536x864.png",1536,864,true],"2048x2048":["https:\/\/elconquistadorredloslagos.cl\/test\/wp-content\/uploads\/2024\/11\/Saesa-1.png",1920,1080,false]},"rttpg_author":{"display_name":"ccardenas","author_link":"https:\/\/elconquistadorredloslagos.cl\/test\/blog\/author\/ccardenas\/"},"rttpg_comment":0,"rttpg_category":"<a href=\"https:\/\/elconquistadorredloslagos.cl\/test\/blog\/category\/actual\/\" rel=\"category tag\">Actualidad<\/a>","rttpg_excerpt":"La constructora \u201cPuerto Octay\u201d, el Ceduc de Castro y trabajadores del Taller Municipal de Castro, recibieron al equipo de Saesa encargado de realizar la charla, la cual se enfoca en..","_links":{"self":[{"href":"https:\/\/elconquistadorredloslagos.cl\/test\/wp-json\/wp\/v2\/posts\/4345","targetHints":{"allow":["GET"]}}],"collection":[{"href":"https:\/\/elconquistadorredloslagos.cl\/test\/wp-json\/wp\/v2\/posts"}],"about":[{"href":"https:\/\/elconquistadorredloslagos.cl\/test\/wp-json\/wp\/v2\/types\/post"}],"author":[{"embeddable":true,"href":"https:\/\/elconquistadorredloslagos.cl\/test\/wp-json\/wp\/v2\/users\/2"}],"replies":[{"embeddable":true,"href":"https:\/\/elconquistadorredloslagos.cl\/test\/wp-json\/wp\/v2\/comments?post=4345"}],"version-history":[{"count":1,"href":"https:\/\/elconquistadorredloslagos.cl\/test\/wp-json\/wp\/v2\/posts\/4345\/revisions"}],"predecessor-version":[{"id":4350,"href":"https:\/\/elconquistadorredloslagos.cl\/test\/wp-json\/wp\/v2\/posts\/4345\/revisions\/4350"}],"wp:featuredmedia":[{"embeddable":true,"href":"https:\/\/elconquistadorredloslagos.cl\/test\/wp-json\/wp\/v2\/media\/4349"}],"wp:attachment":[{"href":"https:\/\/elconquistadorredloslagos.cl\/test\/wp-json\/wp\/v2\/media?parent=4345"}],"wp:term":[{"taxonomy":"category","embeddable":true,"href":"https:\/\/elconquistadorredloslagos.cl\/test\/wp-json\/wp\/v2\/categories?post=4345"},{"taxonomy":"post_tag","embeddable":true,"href":"https:\/\/elconquistadorredloslagos.cl\/test\/wp-json\/wp\/v2\/tags?post=4345"}],"curies":[{"name":"wp","href":"https:\/\/api.w.org\/{rel}","templated":true}]}}