{"id":4338,"date":"2024-11-06T10:57:52","date_gmt":"2024-11-06T13:57:52","guid":{"rendered":"https:\/\/elconquistadorredloslagos.cl\/test\/?p=4338"},"modified":"2024-11-06T10:58:35","modified_gmt":"2024-11-06T13:58:35","slug":"familia-de-joven-ancuditana-atropellada-en-santiago-impulsa-la-leypaulina","status":"publish","type":"post","link":"https:\/\/elconquistadorredloslagos.cl\/test\/blog\/2024\/11\/06\/familia-de-joven-ancuditana-atropellada-en-santiago-impulsa-la-leypaulina\/","title":{"rendered":"Familia de joven ancuditana atropellada en Santiago impulsa la #LeyPaulina"},"content":{"rendered":"\n<p>Casi 5 meses han transcurrido desde que Paulina Fuentes Villarroel de 28 a\u00f1os, perdiera la vida luego de ser atropellada y abandonada por un veh\u00edculo que se dio a la fuga. Los repudiables hechos tuvieron lugar espec\u00edficamente el 16 de julio, mientras la joven cruzaba por un paso peatonal habilitado en la comuna de Vitacura, Regi\u00f3n Metropolitana.<\/p>\n\n\n\n<p>\u00bfEl culpable? Se trata de un dermat\u00f3logo de nacionalidad venezolana de nombre Jos\u00e9 Gregorio Colina Flores, que resid\u00eda en este edificio.<\/p>\n\n\n\n<p>En un intento de pedir justicia, esta familia ancuditana se encuentra impulsando la #LeyPaulina, para lo cual ya han recolectado la mitad de las 10 mil firmas que se pretenden reunir para promover su tramitaci\u00f3n en el parlamento. As\u00ed lo coment\u00f3 Soraya Villarroel, madre de la v\u00edctima.<\/p>\n\n\n\n<figure class=\"wp-block-audio\"><audio controls src=\"https:\/\/elconquistadorredloslagos.cl\/test\/wp-content\/uploads\/2024\/11\/Soraya11.mp3\"><\/audio><\/figure>\n\n\n\n<p>Con ello se pretende modificar el c\u00f3digo Penal y ley de tr\u00e1nsito, estableciendo -entre otras cosas- la obligatoriedad de ex\u00e1menes de drogas para aquellos conductores que participan en accidentes de tr\u00e1nsito, adem\u00e1s de agilizar concretamente acciones de indemnizaci\u00f3n para v\u00edctimas y\/o familiares, pudiendo lograr efectivamente reparaci\u00f3n psicol\u00f3gica para los afectados. En tal sentido, Soraya se\u00f1al\u00f3 que estos cambios podr\u00edan ayudar a terminar con los flagelos propios de este tipo de delitos.<\/p>\n\n\n\n<figure class=\"wp-block-audio\"><audio controls src=\"https:\/\/elconquistadorredloslagos.cl\/test\/wp-content\/uploads\/2024\/11\/Soraya1.mp3\"><\/audio><\/figure>\n\n\n\n<p class=\"has-text-align-left\">Tras la detenci\u00f3n por parte de Carabineros, Colina Flores\u00a0 fue dejado en libertad con las medidas\u00a0 cautelares de firma mensual junto a la prohibici\u00f3n de salir del pa\u00eds.<\/p>\n","protected":false},"excerpt":{"rendered":"<p>Casi 5 meses han transcurrido desde que Paulina Fuentes Villarroel de 28 a\u00f1os, perdiera la vida luego de ser atropellada y abandonada por un veh\u00edculo que se dio a la..<\/p>\n","protected":false},"author":2,"featured_media":4341,"comment_status":"closed","ping_status":"open","sticky":false,"template":"","format":"standard","meta":{"footnotes":""},"categories":[1,28],"tags":[],"class_list":["post-4338","post","type-post","status-publish","format-standard","has-post-thumbnail","hentry","category-acontecer","category-actual"],"rttpg_featured_image_url":{"full":["https:\/\/elconquistadorredloslagos.cl\/test\/wp-content\/uploads\/2024\/11\/LeyPaulina.png",1920,1080,false],"landscape":["https:\/\/elconquistadorredloslagos.cl\/test\/wp-content\/uploads\/2024\/11\/LeyPaulina.png",1920,1080,false],"portraits":["https:\/\/elconquistadorredloslagos.cl\/test\/wp-content\/uploads\/2024\/11\/LeyPaulina.png",1920,1080,false],"thumbnail":["https:\/\/elconquistadorredloslagos.cl\/test\/wp-content\/uploads\/2024\/11\/LeyPaulina-150x150.png",150,150,true],"medium":["https:\/\/elconquistadorredloslagos.cl\/test\/wp-content\/uploads\/2024\/11\/LeyPaulina-300x169.png",300,169,true],"large":["https:\/\/elconquistadorredloslagos.cl\/test\/wp-content\/uploads\/2024\/11\/LeyPaulina-1024x576.png",1024,576,true],"1536x1536":["https:\/\/elconquistadorredloslagos.cl\/test\/wp-content\/uploads\/2024\/11\/LeyPaulina-1536x864.png",1536,864,true],"2048x2048":["https:\/\/elconquistadorredloslagos.cl\/test\/wp-content\/uploads\/2024\/11\/LeyPaulina.png",1920,1080,false]},"rttpg_author":{"display_name":"ccardenas","author_link":"https:\/\/elconquistadorredloslagos.cl\/test\/blog\/author\/ccardenas\/"},"rttpg_comment":0,"rttpg_category":"<a href=\"https:\/\/elconquistadorredloslagos.cl\/test\/blog\/category\/actual\/acontecer\/\" rel=\"category tag\">Acontecer<\/a> <a href=\"https:\/\/elconquistadorredloslagos.cl\/test\/blog\/category\/actual\/\" rel=\"category tag\">Actualidad<\/a>","rttpg_excerpt":"Casi 5 meses han transcurrido desde que Paulina Fuentes Villarroel de 28 a\u00f1os, perdiera la vida luego de ser atropellada y abandonada por un veh\u00edculo que se dio a la..","_links":{"self":[{"href":"https:\/\/elconquistadorredloslagos.cl\/test\/wp-json\/wp\/v2\/posts\/4338","targetHints":{"allow":["GET"]}}],"collection":[{"href":"https:\/\/elconquistadorredloslagos.cl\/test\/wp-json\/wp\/v2\/posts"}],"about":[{"href":"https:\/\/elconquistadorredloslagos.cl\/test\/wp-json\/wp\/v2\/types\/post"}],"author":[{"embeddable":true,"href":"https:\/\/elconquistadorredloslagos.cl\/test\/wp-json\/wp\/v2\/users\/2"}],"replies":[{"embeddable":true,"href":"https:\/\/elconquistadorredloslagos.cl\/test\/wp-json\/wp\/v2\/comments?post=4338"}],"version-history":[{"count":2,"href":"https:\/\/elconquistadorredloslagos.cl\/test\/wp-json\/wp\/v2\/posts\/4338\/revisions"}],"predecessor-version":[{"id":4344,"href":"https:\/\/elconquistadorredloslagos.cl\/test\/wp-json\/wp\/v2\/posts\/4338\/revisions\/4344"}],"wp:featuredmedia":[{"embeddable":true,"href":"https:\/\/elconquistadorredloslagos.cl\/test\/wp-json\/wp\/v2\/media\/4341"}],"wp:attachment":[{"href":"https:\/\/elconquistadorredloslagos.cl\/test\/wp-json\/wp\/v2\/media?parent=4338"}],"wp:term":[{"taxonomy":"category","embeddable":true,"href":"https:\/\/elconquistadorredloslagos.cl\/test\/wp-json\/wp\/v2\/categories?post=4338"},{"taxonomy":"post_tag","embeddable":true,"href":"https:\/\/elconquistadorredloslagos.cl\/test\/wp-json\/wp\/v2\/tags?post=4338"}],"curies":[{"name":"wp","href":"https:\/\/api.w.org\/{rel}","templated":true}]}}