{"id":4334,"date":"2024-11-05T17:55:06","date_gmt":"2024-11-05T20:55:06","guid":{"rendered":"https:\/\/elconquistadorredloslagos.cl\/test\/?p=4334"},"modified":"2024-11-05T17:55:07","modified_gmt":"2024-11-05T20:55:07","slug":"conaf-los-lagos-se-prepara-para-la-temporada-de-mayor-ocurrencia-de-incendios-forestales","status":"publish","type":"post","link":"https:\/\/elconquistadorredloslagos.cl\/test\/blog\/2024\/11\/05\/conaf-los-lagos-se-prepara-para-la-temporada-de-mayor-ocurrencia-de-incendios-forestales\/","title":{"rendered":"CONAF Los Lagos se prepara para la temporada de mayor ocurrencia de incendios forestales"},"content":{"rendered":"\n<p>Con 289 brigadistas, m\u00e1s 3 helic\u00f3pteros y un avi\u00f3n contar\u00e1 la Corporaci\u00f3n Nacional Forestal (CONAF) regi\u00f3n de Los Lagos ante una nueva temporada de mayor ocurrencia de incendios forestales.<\/p>\n\n\n\n<p>En total ser\u00e1n 26 brigadas, 2 de ellas nocturnas y 24 de trabajo diurno. Este a\u00f1o adem\u00e1s destacan los recursos a\u00e9reos los estar\u00e1n emplazados en Puerto Montt, en Chilo\u00e9, con base en Castro y en la provincia de Palena.<\/p>\n\n\n\n<p>Es as\u00ed que el avi\u00f3n <strong><em>airtractor<\/em><\/strong>, con capacidad de lanzamiento de 3 mil litros, tendr\u00e1 su base en Osorno. Realizaron este anuncio Miguel Leiva, director regional de CONAF Los Lagos, Alicia Ditzel, jefa de Brigada y la seremi de Agricultura, Tania Salas.<\/p>\n\n\n\n<p>FOTO: (Referencial)<\/p>\n","protected":false},"excerpt":{"rendered":"<p>Con 289 brigadistas, m\u00e1s 3 helic\u00f3pteros y un avi\u00f3n contar\u00e1 la Corporaci\u00f3n Nacional Forestal (CONAF) regi\u00f3n de Los Lagos ante una nueva temporada de mayor ocurrencia de incendios forestales. En..<\/p>\n","protected":false},"author":2,"featured_media":4335,"comment_status":"closed","ping_status":"open","sticky":false,"template":"","format":"standard","meta":{"footnotes":""},"categories":[1,28],"tags":[],"class_list":["post-4334","post","type-post","status-publish","format-standard","has-post-thumbnail","hentry","category-acontecer","category-actual"],"rttpg_featured_image_url":{"full":["https:\/\/elconquistadorredloslagos.cl\/test\/wp-content\/uploads\/2024\/11\/Avion.png",1920,1080,false],"landscape":["https:\/\/elconquistadorredloslagos.cl\/test\/wp-content\/uploads\/2024\/11\/Avion.png",1920,1080,false],"portraits":["https:\/\/elconquistadorredloslagos.cl\/test\/wp-content\/uploads\/2024\/11\/Avion.png",1920,1080,false],"thumbnail":["https:\/\/elconquistadorredloslagos.cl\/test\/wp-content\/uploads\/2024\/11\/Avion-150x150.png",150,150,true],"medium":["https:\/\/elconquistadorredloslagos.cl\/test\/wp-content\/uploads\/2024\/11\/Avion-300x169.png",300,169,true],"large":["https:\/\/elconquistadorredloslagos.cl\/test\/wp-content\/uploads\/2024\/11\/Avion-1024x576.png",1024,576,true],"1536x1536":["https:\/\/elconquistadorredloslagos.cl\/test\/wp-content\/uploads\/2024\/11\/Avion-1536x864.png",1536,864,true],"2048x2048":["https:\/\/elconquistadorredloslagos.cl\/test\/wp-content\/uploads\/2024\/11\/Avion.png",1920,1080,false]},"rttpg_author":{"display_name":"ccardenas","author_link":"https:\/\/elconquistadorredloslagos.cl\/test\/blog\/author\/ccardenas\/"},"rttpg_comment":0,"rttpg_category":"<a href=\"https:\/\/elconquistadorredloslagos.cl\/test\/blog\/category\/actual\/acontecer\/\" rel=\"category tag\">Acontecer<\/a> <a href=\"https:\/\/elconquistadorredloslagos.cl\/test\/blog\/category\/actual\/\" rel=\"category tag\">Actualidad<\/a>","rttpg_excerpt":"Con 289 brigadistas, m\u00e1s 3 helic\u00f3pteros y un avi\u00f3n contar\u00e1 la Corporaci\u00f3n Nacional Forestal (CONAF) regi\u00f3n de Los Lagos ante una nueva temporada de mayor ocurrencia de incendios forestales. En..","_links":{"self":[{"href":"https:\/\/elconquistadorredloslagos.cl\/test\/wp-json\/wp\/v2\/posts\/4334","targetHints":{"allow":["GET"]}}],"collection":[{"href":"https:\/\/elconquistadorredloslagos.cl\/test\/wp-json\/wp\/v2\/posts"}],"about":[{"href":"https:\/\/elconquistadorredloslagos.cl\/test\/wp-json\/wp\/v2\/types\/post"}],"author":[{"embeddable":true,"href":"https:\/\/elconquistadorredloslagos.cl\/test\/wp-json\/wp\/v2\/users\/2"}],"replies":[{"embeddable":true,"href":"https:\/\/elconquistadorredloslagos.cl\/test\/wp-json\/wp\/v2\/comments?post=4334"}],"version-history":[{"count":1,"href":"https:\/\/elconquistadorredloslagos.cl\/test\/wp-json\/wp\/v2\/posts\/4334\/revisions"}],"predecessor-version":[{"id":4336,"href":"https:\/\/elconquistadorredloslagos.cl\/test\/wp-json\/wp\/v2\/posts\/4334\/revisions\/4336"}],"wp:featuredmedia":[{"embeddable":true,"href":"https:\/\/elconquistadorredloslagos.cl\/test\/wp-json\/wp\/v2\/media\/4335"}],"wp:attachment":[{"href":"https:\/\/elconquistadorredloslagos.cl\/test\/wp-json\/wp\/v2\/media?parent=4334"}],"wp:term":[{"taxonomy":"category","embeddable":true,"href":"https:\/\/elconquistadorredloslagos.cl\/test\/wp-json\/wp\/v2\/categories?post=4334"},{"taxonomy":"post_tag","embeddable":true,"href":"https:\/\/elconquistadorredloslagos.cl\/test\/wp-json\/wp\/v2\/tags?post=4334"}],"curies":[{"name":"wp","href":"https:\/\/api.w.org\/{rel}","templated":true}]}}