{"id":4324,"date":"2024-11-05T17:29:13","date_gmt":"2024-11-05T20:29:13","guid":{"rendered":"https:\/\/elconquistadorredloslagos.cl\/test\/?p=4324"},"modified":"2024-11-05T17:49:51","modified_gmt":"2024-11-05T20:49:51","slug":"alcalde-de-chonchi-realiza-gestiones-para-reubicacion-de-estudiantes-tras-incendio-en-escuela-de-notuco","status":"publish","type":"post","link":"https:\/\/elconquistadorredloslagos.cl\/test\/blog\/2024\/11\/05\/alcalde-de-chonchi-realiza-gestiones-para-reubicacion-de-estudiantes-tras-incendio-en-escuela-de-notuco\/","title":{"rendered":"Alcalde de Chonchi realiza gestiones para reubicaci\u00f3n de estudiantes tras incendio en escuela de Notuco"},"content":{"rendered":"\n<p>Con el objetivo de abordar la situaci\u00f3n de emergencia tras el incendio que afect\u00f3 a la Escuela de Notuco (Granja), el alcalde Fernando Oyarz\u00fan sostuvo una reuni\u00f3n clave con la subsecretaria de Educaci\u00f3n, Alejandra Arratia Mart\u00ednez. Durante el encuentro, se discutieron planes de contingencia para garantizar la reubicaci\u00f3n de los estudiantes y la continuidad del <a><\/a>a\u00f1o escolar 2024.<\/p>\n\n\n\n<p>Asimismo, se delinearon pasos para desarrollar un plan integral que permita que las clases se realicen con normalidad a partir de marzo del pr\u00f3ximo a\u00f1o, trabajando en conjunto con el Ministerio de Educaci\u00f3n y el gobierno regional.<\/p>\n\n\n\n<figure class=\"wp-block-embed is-type-rich is-provider-gestor-del-servicio wp-block-embed-gestor-del-servicio\"><div class=\"wp-block-embed__wrapper\">\n<div style=\"width: 640px;\" class=\"wp-video\"><video class=\"wp-video-shortcode\" id=\"video-4324-1\" width=\"640\" height=\"360\" preload=\"metadata\" controls=\"controls\"><source type=\"video\/mp4\" src=\"https:\/\/elconquistadorredloslagos.cl\/test\/md\/escuelanotuco.mp4?_=1\" \/><a href=\"https:\/\/elconquistadorredloslagos.cl\/test\/md\/escuelanotuco.mp4\">https:\/\/elconquistadorredloslagos.cl\/test\/md\/escuelanotuco.mp4<\/a><\/video><\/div>\n<\/div><\/figure>\n\n\n\n<p>En la extinci\u00f3n de las llamas, colaboraron La escuela rural bomberos de las compa\u00f1\u00edas de Chonchi, Castro, Qu\u00e9ilen, Puqueld\u00f3n, Huillinco.<\/p>\n","protected":false},"excerpt":{"rendered":"<p>Con el objetivo de abordar la situaci\u00f3n de emergencia tras el incendio que afect\u00f3 a la Escuela de Notuco (Granja), el alcalde Fernando Oyarz\u00fan sostuvo una reuni\u00f3n clave con la..<\/p>\n","protected":false},"author":2,"featured_media":4328,"comment_status":"closed","ping_status":"open","sticky":false,"template":"","format":"standard","meta":{"footnotes":""},"categories":[1,28],"tags":[],"class_list":["post-4324","post","type-post","status-publish","format-standard","has-post-thumbnail","hentry","category-acontecer","category-actual"],"rttpg_featured_image_url":{"full":["https:\/\/elconquistadorredloslagos.cl\/test\/wp-content\/uploads\/2024\/11\/ChonchiOk.png",1920,1080,false],"landscape":["https:\/\/elconquistadorredloslagos.cl\/test\/wp-content\/uploads\/2024\/11\/ChonchiOk.png",1920,1080,false],"portraits":["https:\/\/elconquistadorredloslagos.cl\/test\/wp-content\/uploads\/2024\/11\/ChonchiOk.png",1920,1080,false],"thumbnail":["https:\/\/elconquistadorredloslagos.cl\/test\/wp-content\/uploads\/2024\/11\/ChonchiOk-150x150.png",150,150,true],"medium":["https:\/\/elconquistadorredloslagos.cl\/test\/wp-content\/uploads\/2024\/11\/ChonchiOk-300x169.png",300,169,true],"large":["https:\/\/elconquistadorredloslagos.cl\/test\/wp-content\/uploads\/2024\/11\/ChonchiOk-1024x576.png",1024,576,true],"1536x1536":["https:\/\/elconquistadorredloslagos.cl\/test\/wp-content\/uploads\/2024\/11\/ChonchiOk-1536x864.png",1536,864,true],"2048x2048":["https:\/\/elconquistadorredloslagos.cl\/test\/wp-content\/uploads\/2024\/11\/ChonchiOk.png",1920,1080,false]},"rttpg_author":{"display_name":"ccardenas","author_link":"https:\/\/elconquistadorredloslagos.cl\/test\/blog\/author\/ccardenas\/"},"rttpg_comment":0,"rttpg_category":"<a href=\"https:\/\/elconquistadorredloslagos.cl\/test\/blog\/category\/actual\/acontecer\/\" rel=\"category tag\">Acontecer<\/a> <a href=\"https:\/\/elconquistadorredloslagos.cl\/test\/blog\/category\/actual\/\" rel=\"category tag\">Actualidad<\/a>","rttpg_excerpt":"Con el objetivo de abordar la situaci\u00f3n de emergencia tras el incendio que afect\u00f3 a la Escuela de Notuco (Granja), el alcalde Fernando Oyarz\u00fan sostuvo una reuni\u00f3n clave con la..","_links":{"self":[{"href":"https:\/\/elconquistadorredloslagos.cl\/test\/wp-json\/wp\/v2\/posts\/4324","targetHints":{"allow":["GET"]}}],"collection":[{"href":"https:\/\/elconquistadorredloslagos.cl\/test\/wp-json\/wp\/v2\/posts"}],"about":[{"href":"https:\/\/elconquistadorredloslagos.cl\/test\/wp-json\/wp\/v2\/types\/post"}],"author":[{"embeddable":true,"href":"https:\/\/elconquistadorredloslagos.cl\/test\/wp-json\/wp\/v2\/users\/2"}],"replies":[{"embeddable":true,"href":"https:\/\/elconquistadorredloslagos.cl\/test\/wp-json\/wp\/v2\/comments?post=4324"}],"version-history":[{"count":2,"href":"https:\/\/elconquistadorredloslagos.cl\/test\/wp-json\/wp\/v2\/posts\/4324\/revisions"}],"predecessor-version":[{"id":4332,"href":"https:\/\/elconquistadorredloslagos.cl\/test\/wp-json\/wp\/v2\/posts\/4324\/revisions\/4332"}],"wp:featuredmedia":[{"embeddable":true,"href":"https:\/\/elconquistadorredloslagos.cl\/test\/wp-json\/wp\/v2\/media\/4328"}],"wp:attachment":[{"href":"https:\/\/elconquistadorredloslagos.cl\/test\/wp-json\/wp\/v2\/media?parent=4324"}],"wp:term":[{"taxonomy":"category","embeddable":true,"href":"https:\/\/elconquistadorredloslagos.cl\/test\/wp-json\/wp\/v2\/categories?post=4324"},{"taxonomy":"post_tag","embeddable":true,"href":"https:\/\/elconquistadorredloslagos.cl\/test\/wp-json\/wp\/v2\/tags?post=4324"}],"curies":[{"name":"wp","href":"https:\/\/api.w.org\/{rel}","templated":true}]}}