{"id":4318,"date":"2024-11-05T17:13:00","date_gmt":"2024-11-05T20:13:00","guid":{"rendered":"https:\/\/elconquistadorredloslagos.cl\/test\/?p=4318"},"modified":"2024-11-05T17:13:01","modified_gmt":"2024-11-05T20:13:01","slug":"palena-empresa-somarco-cesara-funciones-en-ruta-bimodal","status":"publish","type":"post","link":"https:\/\/elconquistadorredloslagos.cl\/test\/blog\/2024\/11\/05\/palena-empresa-somarco-cesara-funciones-en-ruta-bimodal\/","title":{"rendered":"Palena: empresa Somarco cesar\u00e1 funciones en ruta Bimodal"},"content":{"rendered":"\n<p>El pr\u00f3ximo domingo 10 de noviembre dejar\u00e1n de funcionar los ferrys de la empresa Somarco que operan en la Ruta Bimodal, que une distintos sectores de la provincia de Palena.<\/p>\n\n\n\n<p>Lo anterior se da luego de seis meses de espera de la toma de raz\u00f3n del contrato con el Ministerio de Transporte por parte de la Contralor\u00eda General de la Rep\u00fablica; la deuda superar\u00eda los 2 mil 480 millones de pesos, de acuerdo a lo informado durante esta jornada por el diario El Llanquihue.<\/p>\n\n\n\n<p>La informaci\u00f3n fue dada a conocer por el gerente zonal de la empresa Somarco, Christian Krebs, Por medio de una carta dirigida a autoridades regionales, el directivo de la firma hizo hincapi\u00e9 en \u201cla incapacidad financiera\u201d de la empresa para seguir operando de acuerdo a lo estipulado en el contrato de concesi\u00f3n firmado el 27 de mayo pasado con la cartera de Transportes.<\/p>\n","protected":false},"excerpt":{"rendered":"<p>El pr\u00f3ximo domingo 10 de noviembre dejar\u00e1n de funcionar los ferrys de la empresa Somarco que operan en la Ruta Bimodal, que une distintos sectores de la provincia de Palena&#8230;<\/p>\n","protected":false},"author":2,"featured_media":4319,"comment_status":"closed","ping_status":"open","sticky":false,"template":"","format":"standard","meta":{"footnotes":""},"categories":[1,28],"tags":[],"class_list":["post-4318","post","type-post","status-publish","format-standard","has-post-thumbnail","hentry","category-acontecer","category-actual"],"rttpg_featured_image_url":{"full":["https:\/\/elconquistadorredloslagos.cl\/test\/wp-content\/uploads\/2024\/11\/Somarco.png",1920,1080,false],"landscape":["https:\/\/elconquistadorredloslagos.cl\/test\/wp-content\/uploads\/2024\/11\/Somarco.png",1920,1080,false],"portraits":["https:\/\/elconquistadorredloslagos.cl\/test\/wp-content\/uploads\/2024\/11\/Somarco.png",1920,1080,false],"thumbnail":["https:\/\/elconquistadorredloslagos.cl\/test\/wp-content\/uploads\/2024\/11\/Somarco-150x150.png",150,150,true],"medium":["https:\/\/elconquistadorredloslagos.cl\/test\/wp-content\/uploads\/2024\/11\/Somarco-300x169.png",300,169,true],"large":["https:\/\/elconquistadorredloslagos.cl\/test\/wp-content\/uploads\/2024\/11\/Somarco-1024x576.png",1024,576,true],"1536x1536":["https:\/\/elconquistadorredloslagos.cl\/test\/wp-content\/uploads\/2024\/11\/Somarco-1536x864.png",1536,864,true],"2048x2048":["https:\/\/elconquistadorredloslagos.cl\/test\/wp-content\/uploads\/2024\/11\/Somarco.png",1920,1080,false]},"rttpg_author":{"display_name":"ccardenas","author_link":"https:\/\/elconquistadorredloslagos.cl\/test\/blog\/author\/ccardenas\/"},"rttpg_comment":0,"rttpg_category":"<a href=\"https:\/\/elconquistadorredloslagos.cl\/test\/blog\/category\/actual\/acontecer\/\" rel=\"category tag\">Acontecer<\/a> <a href=\"https:\/\/elconquistadorredloslagos.cl\/test\/blog\/category\/actual\/\" rel=\"category tag\">Actualidad<\/a>","rttpg_excerpt":"El pr\u00f3ximo domingo 10 de noviembre dejar\u00e1n de funcionar los ferrys de la empresa Somarco que operan en la Ruta Bimodal, que une distintos sectores de la provincia de Palena...","_links":{"self":[{"href":"https:\/\/elconquistadorredloslagos.cl\/test\/wp-json\/wp\/v2\/posts\/4318","targetHints":{"allow":["GET"]}}],"collection":[{"href":"https:\/\/elconquistadorredloslagos.cl\/test\/wp-json\/wp\/v2\/posts"}],"about":[{"href":"https:\/\/elconquistadorredloslagos.cl\/test\/wp-json\/wp\/v2\/types\/post"}],"author":[{"embeddable":true,"href":"https:\/\/elconquistadorredloslagos.cl\/test\/wp-json\/wp\/v2\/users\/2"}],"replies":[{"embeddable":true,"href":"https:\/\/elconquistadorredloslagos.cl\/test\/wp-json\/wp\/v2\/comments?post=4318"}],"version-history":[{"count":1,"href":"https:\/\/elconquistadorredloslagos.cl\/test\/wp-json\/wp\/v2\/posts\/4318\/revisions"}],"predecessor-version":[{"id":4320,"href":"https:\/\/elconquistadorredloslagos.cl\/test\/wp-json\/wp\/v2\/posts\/4318\/revisions\/4320"}],"wp:featuredmedia":[{"embeddable":true,"href":"https:\/\/elconquistadorredloslagos.cl\/test\/wp-json\/wp\/v2\/media\/4319"}],"wp:attachment":[{"href":"https:\/\/elconquistadorredloslagos.cl\/test\/wp-json\/wp\/v2\/media?parent=4318"}],"wp:term":[{"taxonomy":"category","embeddable":true,"href":"https:\/\/elconquistadorredloslagos.cl\/test\/wp-json\/wp\/v2\/categories?post=4318"},{"taxonomy":"post_tag","embeddable":true,"href":"https:\/\/elconquistadorredloslagos.cl\/test\/wp-json\/wp\/v2\/tags?post=4318"}],"curies":[{"name":"wp","href":"https:\/\/api.w.org\/{rel}","templated":true}]}}