{"id":4237,"date":"2024-11-04T12:45:46","date_gmt":"2024-11-04T15:45:46","guid":{"rendered":"https:\/\/elconquistadorredloslagos.cl\/test\/?p=4237"},"modified":"2024-11-04T12:45:46","modified_gmt":"2024-11-04T15:45:46","slug":"chonchi-estudiantes-sin-recinto-educativo-tras-violento-incendio-en-la-escuela-de-notuco","status":"publish","type":"post","link":"https:\/\/elconquistadorredloslagos.cl\/test\/blog\/2024\/11\/04\/chonchi-estudiantes-sin-recinto-educativo-tras-violento-incendio-en-la-escuela-de-notuco\/","title":{"rendered":"Chonchi: estudiantes sin recinto educativo tras violento incendio en la escuela de Notuco"},"content":{"rendered":"\n<p>Un dantesco incendio destruy\u00f3 la escuela del sector Notuco en la comuna de Chonchi. La emergencia provoc\u00f3 que los 71 estudiantes que son parte del plantel educativo queden sin clases hasta contar con alg\u00fan plan de contingencia.<\/p>\n\n\n\n<p>Sobre posibles iniciativas para entregar una soluci\u00f3n en el mediano plazo, el delegado provincial presidencial Marcelo Malague\u00f1o, confirm\u00f3 que ya existen gestiones ante las autoridades del ministerio de Educaci\u00f3n y del Ejecutivo en la regi\u00f3n de Los Lagos.<\/p>\n\n\n\n<figure class=\"wp-block-audio\"><audio controls src=\"https:\/\/elconquistadorredloslagos.cl\/test\/wp-content\/uploads\/2024\/11\/Malagueno.mp3\"><\/audio><\/figure>\n\n\n\n<p>Los Cuerpos de Bomberos de Qu\u00e9ilen, Puqueld\u00f3n y Castro apoyaron la labor de los voluntarios de Chonchi en el combate de las llamas en el sector de Notuco, en la escuela de la comunidad.<\/p>\n","protected":false},"excerpt":{"rendered":"<p>Un dantesco incendio destruy\u00f3 la escuela del sector Notuco en la comuna de Chonchi. La emergencia provoc\u00f3 que los 71 estudiantes que son parte del plantel educativo queden sin clases..<\/p>\n","protected":false},"author":2,"featured_media":4239,"comment_status":"closed","ping_status":"open","sticky":false,"template":"","format":"standard","meta":{"footnotes":""},"categories":[1,28],"tags":[],"class_list":["post-4237","post","type-post","status-publish","format-standard","has-post-thumbnail","hentry","category-acontecer","category-actual"],"rttpg_featured_image_url":{"full":["https:\/\/elconquistadorredloslagos.cl\/test\/wp-content\/uploads\/2024\/11\/Notuco.jpg",500,261,false],"landscape":["https:\/\/elconquistadorredloslagos.cl\/test\/wp-content\/uploads\/2024\/11\/Notuco.jpg",500,261,false],"portraits":["https:\/\/elconquistadorredloslagos.cl\/test\/wp-content\/uploads\/2024\/11\/Notuco.jpg",500,261,false],"thumbnail":["https:\/\/elconquistadorredloslagos.cl\/test\/wp-content\/uploads\/2024\/11\/Notuco-150x150.jpg",150,150,true],"medium":["https:\/\/elconquistadorredloslagos.cl\/test\/wp-content\/uploads\/2024\/11\/Notuco-300x157.jpg",300,157,true],"large":["https:\/\/elconquistadorredloslagos.cl\/test\/wp-content\/uploads\/2024\/11\/Notuco.jpg",500,261,false],"1536x1536":["https:\/\/elconquistadorredloslagos.cl\/test\/wp-content\/uploads\/2024\/11\/Notuco.jpg",500,261,false],"2048x2048":["https:\/\/elconquistadorredloslagos.cl\/test\/wp-content\/uploads\/2024\/11\/Notuco.jpg",500,261,false]},"rttpg_author":{"display_name":"ccardenas","author_link":"https:\/\/elconquistadorredloslagos.cl\/test\/blog\/author\/ccardenas\/"},"rttpg_comment":0,"rttpg_category":"<a href=\"https:\/\/elconquistadorredloslagos.cl\/test\/blog\/category\/actual\/acontecer\/\" rel=\"category tag\">Acontecer<\/a> <a href=\"https:\/\/elconquistadorredloslagos.cl\/test\/blog\/category\/actual\/\" rel=\"category tag\">Actualidad<\/a>","rttpg_excerpt":"Un dantesco incendio destruy\u00f3 la escuela del sector Notuco en la comuna de Chonchi. La emergencia provoc\u00f3 que los 71 estudiantes que son parte del plantel educativo queden sin clases..","_links":{"self":[{"href":"https:\/\/elconquistadorredloslagos.cl\/test\/wp-json\/wp\/v2\/posts\/4237","targetHints":{"allow":["GET"]}}],"collection":[{"href":"https:\/\/elconquistadorredloslagos.cl\/test\/wp-json\/wp\/v2\/posts"}],"about":[{"href":"https:\/\/elconquistadorredloslagos.cl\/test\/wp-json\/wp\/v2\/types\/post"}],"author":[{"embeddable":true,"href":"https:\/\/elconquistadorredloslagos.cl\/test\/wp-json\/wp\/v2\/users\/2"}],"replies":[{"embeddable":true,"href":"https:\/\/elconquistadorredloslagos.cl\/test\/wp-json\/wp\/v2\/comments?post=4237"}],"version-history":[{"count":1,"href":"https:\/\/elconquistadorredloslagos.cl\/test\/wp-json\/wp\/v2\/posts\/4237\/revisions"}],"predecessor-version":[{"id":4240,"href":"https:\/\/elconquistadorredloslagos.cl\/test\/wp-json\/wp\/v2\/posts\/4237\/revisions\/4240"}],"wp:featuredmedia":[{"embeddable":true,"href":"https:\/\/elconquistadorredloslagos.cl\/test\/wp-json\/wp\/v2\/media\/4239"}],"wp:attachment":[{"href":"https:\/\/elconquistadorredloslagos.cl\/test\/wp-json\/wp\/v2\/media?parent=4237"}],"wp:term":[{"taxonomy":"category","embeddable":true,"href":"https:\/\/elconquistadorredloslagos.cl\/test\/wp-json\/wp\/v2\/categories?post=4237"},{"taxonomy":"post_tag","embeddable":true,"href":"https:\/\/elconquistadorredloslagos.cl\/test\/wp-json\/wp\/v2\/tags?post=4237"}],"curies":[{"name":"wp","href":"https:\/\/api.w.org\/{rel}","templated":true}]}}